{"id":17717,"date":"2020-10-23T11:57:12","date_gmt":"2020-10-23T14:57:12","guid":{"rendered":"http:\/\/creapb.org.br\/?p=17717"},"modified":"2020-10-23T11:59:45","modified_gmt":"2020-10-23T14:59:45","slug":"eleicoes-para-conselheiro-federal-representante-das-instituicoes-de-ensino-superior-ocorrerao-em-2-de-dezembro","status":"publish","type":"post","link":"https:\/\/creapb.org.br\/site\/eleicoes-para-conselheiro-federal-representante-das-instituicoes-de-ensino-superior-ocorrerao-em-2-de-dezembro\/","title":{"rendered":"Elei\u00e7\u00f5es para Conselheiro Federal representante das institui\u00e7\u00f5es de ensino superior ocorrer\u00e3o em 2 de dezembro"},"content":{"rendered":"<p>&nbsp;<\/p>\n<p><img fetchpriority=\"high\" decoding=\"async\" class=\"wp-image-17726 alignright\" src=\"https:\/\/creapb.org.br\/site\/wp-content\/uploads\/2020\/10\/WhatsApp-Image-2020-10-22-at-16.57.06-1024x1024.jpeg\" alt=\"\" width=\"560\" height=\"560\" srcset=\"https:\/\/creapb.org.br\/site\/wp-content\/uploads\/2020\/10\/WhatsApp-Image-2020-10-22-at-16.57.06-1024x1024.jpeg 1024w, https:\/\/creapb.org.br\/site\/wp-content\/uploads\/2020\/10\/WhatsApp-Image-2020-10-22-at-16.57.06-150x150.jpeg 150w, https:\/\/creapb.org.br\/site\/wp-content\/uploads\/2020\/10\/WhatsApp-Image-2020-10-22-at-16.57.06-300x300.jpeg 300w, https:\/\/creapb.org.br\/site\/wp-content\/uploads\/2020\/10\/WhatsApp-Image-2020-10-22-at-16.57.06-768x768.jpeg 768w, https:\/\/creapb.org.br\/site\/wp-content\/uploads\/2020\/10\/WhatsApp-Image-2020-10-22-at-16.57.06-115x115.jpeg 115w, https:\/\/creapb.org.br\/site\/wp-content\/uploads\/2020\/10\/WhatsApp-Image-2020-10-22-at-16.57.06.jpeg 1280w\" sizes=\"(max-width: 560px) 100vw, 560px\" \/><\/p>\n<p>O Plen\u00e1rio do Confea, por meio da Decis\u00e3o Plen\u00e1ria n\u00ba PL-1302\/2020, aprovou o Calend\u00e1rio Eleitoral para o cargo de Conselheiro Federal representante de Institui\u00e7\u00f5es de Ensino Superior do Grupo Engenharia,\u00a0fixando o dia 2 de dezembro de 2020 para a realiza\u00e7\u00e3o da elei\u00e7\u00e3o, no per\u00edodo de 14 \u00e0s 16h, na sede do Confea, em Bras\u00edlia &#8211; DF, sendo que o conselheiro eleito, e seu suplente, ter\u00e3o mandato de 1\u00ba\/01\/2021 a 31\/12\/2023.<\/p>\n<p>Os representantes das institui\u00e7\u00f5es de ensino superior s\u00e3o eleitos por maioria absoluta de votos em assembleia de delegados designados pelas respectivas IES. Atualmente, os grupos e modalidades para representa\u00e7\u00e3o no plen\u00e1rio do Confea at\u00e9 2031 est\u00e3o definidos pela Decis\u00e3o Plen\u00e1ria n\u00ba PL-2320\/2019.<\/p>\n<p>Conforme previsto no Calend\u00e1rio Eleitoral aprovado, foi divulgado o Edital de Convoca\u00e7\u00e3o das Elei\u00e7\u00f5es pela CEF, em 3 de agosto de 2020, publicado no Di\u00e1rio Oficial da Uni\u00e3o &#8211; DOU e disponibilizado no s\u00edtio eletr\u00f4nico do Confea. O \u00faltimo dia para apresenta\u00e7\u00e3o do requerimento de registro de candidatura\u00a0foi 4 de setembro de 2020, e as IES tem at\u00e9 o dia 30 de outubro de 2020 para o credenciamento de delegado eleitor, mediante o encaminhamento \u00e0 CEF dos seguintes documentos:<\/p>\n<p>-Of\u00edcio ou documento equivalente expedido pelo representante legal da institui\u00e7\u00e3o de ensino superior, indicando o delegado eleitor;<br \/>\nc\u00f3pia da Carteira de Identidade Profissional expedida pelo Sistema Confea\/Crea; e<\/p>\n<p>&#8211; C\u00f3pia da Anota\u00e7\u00e3o de Responsabilidade T\u00e9cnica \u2013 ART de cargo e fun\u00e7\u00e3o, como docente da respectiva institui\u00e7\u00e3o de ensino superior, registrada h\u00e1 mais de um ano, contado da convoca\u00e7\u00e3o da elei\u00e7\u00e3o.<\/p>\n<p>Nos termos do regulamento eleitoral, poder\u00e1 ser delegado eleitor o profissional registrado e em dia com as obriga\u00e7\u00f5es perante o Sistema Confea\/Crea at\u00e9 30 (trinta) dias antes da data da elei\u00e7\u00e3o (at\u00e9 30 de outubro), e pertencente ao Grupo Engenharia, que abrange as modalidades Civil, El\u00e9trica, Mec\u00e2nica e Metal\u00fargica, Qu\u00edmica, Geologia e Minas e Agrimensura, consoante disciplina a Resolu\u00e7\u00e3o n\u00ba 473, de 2002.<\/p>\n<p>Cada institui\u00e7\u00e3o de ensino superior registrada no Crea e homologada pelo Confea, ter\u00e1 direito a apenas um voto, independentemente do n\u00famero de cursos que ministre. E ainda, um profissional n\u00e3o poder\u00e1 representar, como delegado eleitor, mais de uma institui\u00e7\u00e3o de ensino superior. O Confea n\u00e3o se responsabilizar\u00e1 por quaisquer despesas de delegados eleitores ou das institui\u00e7\u00f5es de ensino superior.<\/p>\n<p>Confira o calend\u00e1rio.<\/p>\n<table border=\"1\" cellspacing=\"1\" cellpadding=\"1\">\n<tbody>\n<tr>\n<td>Data<\/td>\n<td>A\u00e7\u00e3o<\/td>\n<\/tr>\n<tr>\n<td>3\/agosto<\/td>\n<td>Divulga\u00e7\u00e3o do Edital de Convoca\u00e7\u00e3o da Elei\u00e7\u00e3o<\/td>\n<\/tr>\n<tr>\n<td>2\/setembro<\/td>\n<td>\u00daltimo dia para desincompatibiliza\u00e7\u00e3o dos pretensos candidatos detentores de cargo, emprego ou fun\u00e7\u00e3o, remunerada ou n\u00e3o, no Confea, no Crea ou na M\u00fatua e dirigentes, administradores, superintendentes, presidentes ou membros de diretoria de entidades de classe registradas e homologadas no Sistema Confea\/Crea<\/td>\n<\/tr>\n<tr>\n<td>4\/setembro<\/td>\n<td>\u00daltimo dia para apresenta\u00e7\u00e3o do requerimento de registro de candidatura<\/td>\n<\/tr>\n<tr>\n<td>5\/setembro<\/td>\n<td>In\u00edcio da campanha eleitoral<\/td>\n<\/tr>\n<tr>\n<td>8\/setembro<\/td>\n<td>Data em que a CEF verificar\u00e1 junto ao banco de dados a situa\u00e7\u00e3o de cada candidato com rela\u00e7\u00e3o a eventuais d\u00e9bitos perante o Sistema Confea\/Crea e infra\u00e7\u00f5es ao C\u00f3digo de \u00c9tica Profissional com decis\u00e3o definitiva nos \u00faltimos cinco anos<\/td>\n<\/tr>\n<tr>\n<td>8\/setembro<\/td>\n<td>Data em que a CEF comunicar\u00e1 os candidatos acerca de eventuais documentos faltantes que devem instruir o requerimento de registro de candidatura<\/td>\n<\/tr>\n<tr>\n<td>11\/setembro<\/td>\n<td>\u00daltimo dia para os candidatos apresentarem, em complementa\u00e7\u00e3o, eventuais documentos faltantes que devem instruir o requerimento de registro de candidatura<\/td>\n<\/tr>\n<tr>\n<td>14\/setembro<\/td>\n<td>Publica\u00e7\u00e3o de edital contendo a rela\u00e7\u00e3o de todos os requerimentos de registro de candidatura apresentados<\/td>\n<\/tr>\n<tr>\n<td>21\/setembro<\/td>\n<td>\u00daltimo dia para impugna\u00e7\u00e3o contra requerimento de registro de candidatura<\/td>\n<\/tr>\n<tr>\n<td>22\/setembro<\/td>\n<td>Publica\u00e7\u00e3o de edital contendo a rela\u00e7\u00e3o de todas as impugna\u00e7\u00f5es apresentadas<\/td>\n<\/tr>\n<tr>\n<td>28\/setembro<\/td>\n<td>\u00daltimo dia para que os candidatos impugnados apresentem contesta\u00e7\u00e3o \u00e0 impugna\u00e7\u00e3o contra seu requerimento de registro de candidatura<\/td>\n<\/tr>\n<tr>\n<td>2\/outubro<\/td>\n<td>Data-limite para a CEF julgar os requerimentos de registro de candidatura<\/td>\n<\/tr>\n<tr>\n<td>5\/outubro<\/td>\n<td>Publica\u00e7\u00e3o de edital contendo os extratos das decis\u00f5es acerca dos registros de candidatura deferidos ou indeferidos<\/td>\n<\/tr>\n<tr>\n<td>13\/outubro<\/td>\n<td>\u00daltimo dia para interposi\u00e7\u00e3o de recurso pelo interessado<\/td>\n<\/tr>\n<tr>\n<td>14\/outubro<\/td>\n<td>Publica\u00e7\u00e3o de edital contendo a rela\u00e7\u00e3o de todos os recursos interpostos<\/td>\n<\/tr>\n<tr>\n<td>19\/outubro<\/td>\n<td>\u00daltimo dia para os recorridos apresentarem contrarraz\u00f5es aos recursos interpostos<\/td>\n<\/tr>\n<tr>\n<td>19\/outubro<\/td>\n<td>Publica\u00e7\u00e3o de edital contendo a rela\u00e7\u00e3o de todos os recursos que ser\u00e3o apreciados pelo Plen\u00e1rio do Confea<\/td>\n<\/tr>\n<tr>\n<td>23\/outubro<\/td>\n<td>Data-limite para julgamento dos recursos pelo Plen\u00e1rio do Confea em \u00faltima inst\u00e2ncia administrativa<\/td>\n<\/tr>\n<tr>\n<td>26\/outubro<\/td>\n<td>Publica\u00e7\u00e3o de edital contendo os extratos das decis\u00f5es proferidas e a rela\u00e7\u00e3o completa dos registros de candidatura deferidos e indeferidos<\/td>\n<\/tr>\n<tr>\n<td>30\/outubro<\/td>\n<td>\u00daltimo dia para o credenciamento de delegado eleitor<\/td>\n<\/tr>\n<tr>\n<td>30\/outubro<\/td>\n<td>Data-limite para quita\u00e7\u00e3o de eventuais d\u00e9bitos pelos delegados eleitores<\/td>\n<\/tr>\n<tr>\n<td>3\/novembro<\/td>\n<td>Data em que a CEF verificar\u00e1 junto ao banco de dados a situa\u00e7\u00e3o dos delegados eleitores com rela\u00e7\u00e3o a eventuais d\u00e9bitos perante o Sistema Confea\/Crea<\/td>\n<\/tr>\n<tr>\n<td>3\/novembro<\/td>\n<td>Data em que a CEF comunicar\u00e1 o delegado eleitor interessado acerca do(s) documento(s) faltante(s)<\/td>\n<\/tr>\n<tr>\n<td>6\/novembro<\/td>\n<td>\u00daltimo dia para o delegado eleitor interessado apresentar, em complementa\u00e7\u00e3o, eventuais documentos faltantes que devam instruir o credenciamento<\/td>\n<\/tr>\n<tr>\n<td>12\/novembro<\/td>\n<td>Data-limite para a CEF julgar os credenciamentos dos delegados eleitores<\/td>\n<\/tr>\n<tr>\n<td>13\/novembro<\/td>\n<td>Data de publica\u00e7\u00e3o de edital contendo a rela\u00e7\u00e3o de delegados eleitores credenciados<\/td>\n<\/tr>\n<tr>\n<td>2\/dezembro<\/td>\n<td>Elei\u00e7\u00e3o<\/td>\n<\/tr>\n<tr>\n<td>8\/dezembro<\/td>\n<td>Data-limite para a CEF encaminhar ao Plen\u00e1rio do Confea a proposta de homologa\u00e7\u00e3o do resultado da elei\u00e7\u00e3o<\/td>\n<\/tr>\n<tr>\n<td>11\/dezembro<\/td>\n<td>Data-limite para o Plen\u00e1rio do Confea homologar o resultado da Elei\u00e7\u00e3o 2020 para o cargo de Conselheiro Federal representante de Institui\u00e7\u00f5es de Ensino Superior do Grupo Engenharia com mandato de 1\u00ba de janeiro de 2021 a 31 de dezembro de 2023<\/td>\n<\/tr>\n<tr>\n<td>14\/dezembro<\/td>\n<td>Data de divulga\u00e7\u00e3o do edital contendo o resultado homologado pelo Plen\u00e1rio do Confea<\/td>\n<\/tr>\n<\/tbody>\n<\/table>\n","protected":false},"excerpt":{"rendered":"<p>&nbsp; O Plen\u00e1rio do Confea, por meio da Decis\u00e3o Plen\u00e1ria n\u00ba PL-1302\/2020, aprovou o Calend\u00e1rio Eleitoral para o cargo de Conselheiro Federal representante de Institui\u00e7\u00f5es de Ensino Superior do Grupo Engenharia,\u00a0fixando o dia 2 de dezembro de 2020 para a realiza\u00e7\u00e3o da elei\u00e7\u00e3o, no per\u00edodo de 14 \u00e0s 16h, na sede do Confea, em Bras\u00edlia &#8211; DF, sendo que o conselheiro eleito, e seu suplente, ter\u00e3o mandato de 1\u00ba\/01\/2021 a 31\/12\/2023. Os representantes das institui\u00e7\u00f5es de ensino superior s\u00e3o eleitos por maioria absoluta de votos em assembleia de delegados designados pelas respectivas IES. Atualmente, os grupos e modalidades para representa\u00e7\u00e3o [&hellip;]<\/p>\n","protected":false},"author":2,"featured_media":17726,"comment_status":"open","ping_status":"open","sticky":false,"template":"","format":"standard","meta":{"_acf_changed":false,"footnotes":""},"categories":[9],"tags":[],"class_list":["post-17717","post","type-post","status-publish","format-standard","has-post-thumbnail","hentry","category-noticias"],"acf":[],"_links":{"self":[{"href":"https:\/\/creapb.org.br\/site\/wp-json\/wp\/v2\/posts\/17717","targetHints":{"allow":["GET"]}}],"collection":[{"href":"https:\/\/creapb.org.br\/site\/wp-json\/wp\/v2\/posts"}],"about":[{"href":"https:\/\/creapb.org.br\/site\/wp-json\/wp\/v2\/types\/post"}],"author":[{"embeddable":true,"href":"https:\/\/creapb.org.br\/site\/wp-json\/wp\/v2\/users\/2"}],"replies":[{"embeddable":true,"href":"https:\/\/creapb.org.br\/site\/wp-json\/wp\/v2\/comments?post=17717"}],"version-history":[{"count":4,"href":"https:\/\/creapb.org.br\/site\/wp-json\/wp\/v2\/posts\/17717\/revisions"}],"predecessor-version":[{"id":17728,"href":"https:\/\/creapb.org.br\/site\/wp-json\/wp\/v2\/posts\/17717\/revisions\/17728"}],"wp:featuredmedia":[{"embeddable":true,"href":"https:\/\/creapb.org.br\/site\/wp-json\/wp\/v2\/media\/17726"}],"wp:attachment":[{"href":"https:\/\/creapb.org.br\/site\/wp-json\/wp\/v2\/media?parent=17717"}],"wp:term":[{"taxonomy":"category","embeddable":true,"href":"https:\/\/creapb.org.br\/site\/wp-json\/wp\/v2\/categories?post=17717"},{"taxonomy":"post_tag","embeddable":true,"href":"https:\/\/creapb.org.br\/site\/wp-json\/wp\/v2\/tags?post=17717"}],"curies":[{"name":"wp","href":"https:\/\/api.w.org\/{rel}","templated":true}]}}