{"id":17737,"date":"2020-11-06T09:44:40","date_gmt":"2020-11-06T12:44:40","guid":{"rendered":"http:\/\/creapb.org.br\/?p=17737"},"modified":"2020-11-06T09:44:40","modified_gmt":"2020-11-06T12:44:40","slug":"confea-e-mercado-livre-celebram-acordo-de-cooperacao-tecnica","status":"publish","type":"post","link":"https:\/\/creapb.org.br\/site\/confea-e-mercado-livre-celebram-acordo-de-cooperacao-tecnica\/","title":{"rendered":"Confea e Mercado Livre celebram acordo de coopera\u00e7\u00e3o t\u00e9cnica"},"content":{"rendered":"<p>&nbsp;<\/p>\n<p><img fetchpriority=\"high\" decoding=\"async\" class=\" wp-image-17739 aligncenter\" src=\"https:\/\/creapb.org.br\/site\/wp-content\/uploads\/2020\/11\/cp_colegio_de_presidentes_-30-1-1024x683.jpg\" alt=\"\" width=\"823\" height=\"549\" srcset=\"https:\/\/creapb.org.br\/site\/wp-content\/uploads\/2020\/11\/cp_colegio_de_presidentes_-30-1-1024x683.jpg 1024w, https:\/\/creapb.org.br\/site\/wp-content\/uploads\/2020\/11\/cp_colegio_de_presidentes_-30-1-300x200.jpg 300w, https:\/\/creapb.org.br\/site\/wp-content\/uploads\/2020\/11\/cp_colegio_de_presidentes_-30-1-768x512.jpg 768w, https:\/\/creapb.org.br\/site\/wp-content\/uploads\/2020\/11\/cp_colegio_de_presidentes_-30-1.jpg 1170w\" sizes=\"(max-width: 823px) 100vw, 823px\" \/><\/p>\n<p>A plataforma de compra e venda online Mercado Livre disponibilizar\u00e1 um canal de contato direto com o Confea, por meio de login e senha, para que o Conselho possa apresentar, de forma \u00e1gil, den\u00fancias de an\u00fancios que contenham evid\u00eancias inequ\u00edvocas de irregularidades. Esse \u00e9 o teor do acordo de coopera\u00e7\u00e3o t\u00e9cnica assinado entre o Conselho Federal e a empresa na tarde desta quinta-feira (29\/10), durante a 5\u00aa Reuni\u00e3o Ordin\u00e1ria do Col\u00e9gio de Presidentes.<\/p>\n<p>O acordo \u00e9 fruto de a\u00e7\u00e3o do Confea que, em outubro de 2019,\u00a0<a href=\"https:\/\/www.confea.org.br\/confea-apresenta-interpelacao-contra-plataforma-de-comercio-eletronico\" target=\"_blank\">apresentou interpela\u00e7\u00e3o judicial em fun\u00e7\u00e3o da comercializa\u00e7\u00e3o de carteiras profissionais e de Anota\u00e7\u00f5es de Responsabilidade T\u00e9cnica (ARTs)<\/a>\u00a0anunciadas no portal Mercado Livre. Na mesma semana, o Crea-SP havia visitado a sede do site, pelo mesmo motivo. &#8220;Desde as primeiras tratativas com o Mecado Livre, a empresa demonstrou total interesse em nos atender&#8221;, comentou o presidente do Confea, eng. civ. Joel Kr\u00fcger, ap\u00f3s assinatura do acordo.<\/p>\n<p>Conforme explicou Kr\u00fcger, n\u00e3o h\u00e1 como evitar que o an\u00fancio seja feito, mas, a partir dos mecanismos previstos no acordo de coopera\u00e7\u00e3o, a retirada do ar desses an\u00fancios ocorrer\u00e1 de maneira mais c\u00e9lere. &#8220;Este acordo d\u00e1 tranquilidade para o Mercado Livre tirar qualquer an\u00fancio inadequado. N\u00f3s vamos fazer uma estrutura colegiada de acompanhamento, com participa\u00e7\u00e3o de presidentes de Creas, das entidades nacionais de das coordenadorias nacionais de c\u00e2maras especializadas. \u00c9 um grande avan\u00e7o. \u00c9 o primeiro dos acordos que pretendemos fazer com outras empresas e sites, de maneira a protegermos a sociedade e mantermos o respeito aos engenheiros, aos agr\u00f4nomos, aos ge\u00f3grafos, aos ge\u00f3logos e aos meteorologistas&#8221;.<\/p>\n<p class=\"text-align-center\"><strong><a href=\"https:\/\/www.facebook.com\/media\/set\/?vanity=Confea&amp;set=a.3644997252218118\" target=\"_blank\">Veja mais fotos da 5\u00aa Reuni\u00e3o Ordin\u00e1ria do Col\u00e9gio de Presidentes<\/a><\/strong><\/p>\n<p>Representando o Mercado Livre, a gerente jur\u00eddica da empresa, Juliana Marcucci, ressaltou que o portal \u00e9 o maior Market Place da Am\u00e9rica Latina, que, com mais de 50 milh\u00f5es de usu\u00e1rios cadastrados, realiza dez vendas a cada segundo. &#8220;O Mercado Livre permite a democratiza\u00e7\u00e3o do com\u00e9rcio eletr\u00f4nico. Vamos atuar proativamente para evitar o com\u00e9rcio de produtos irregulares e remover imediatamente os an\u00fancios apontados pelo Confea. Estamos muito felizes com essa parceria&#8221;, afirmou.<\/p>\n<p>Al\u00e9m dos presidentes dos Creas e da M\u00fatua, acompanharam e testemunharam a assinatura do acordo os vice-presidentes do Confea, eng. civ. Osmar Barros J\u00fanior, e do Crea-SP, eng. civ. Lenita Secco Brand\u00e3o.<br \/>\n<strong>Beatriz Craveiro<br \/>\nEquipe de Comunica\u00e7\u00e3o do Confea<br \/>\nFotos: Flavio Corvello<\/strong><\/p>\n","protected":false},"excerpt":{"rendered":"<p>&nbsp; A plataforma de compra e venda online Mercado Livre disponibilizar\u00e1 um canal de contato direto com o Confea, por meio de login e senha, para que o Conselho possa apresentar, de forma \u00e1gil, den\u00fancias de an\u00fancios que contenham evid\u00eancias inequ\u00edvocas de irregularidades. Esse \u00e9 o teor do acordo de coopera\u00e7\u00e3o t\u00e9cnica assinado entre o Conselho Federal e a empresa na tarde desta quinta-feira (29\/10), durante a 5\u00aa Reuni\u00e3o Ordin\u00e1ria do Col\u00e9gio de Presidentes. O acordo \u00e9 fruto de a\u00e7\u00e3o do Confea que, em outubro de 2019,\u00a0apresentou interpela\u00e7\u00e3o judicial em fun\u00e7\u00e3o da comercializa\u00e7\u00e3o de carteiras profissionais e de Anota\u00e7\u00f5es de [&hellip;]<\/p>\n","protected":false},"author":2,"featured_media":17740,"comment_status":"open","ping_status":"open","sticky":false,"template":"","format":"standard","meta":{"_acf_changed":false,"footnotes":""},"categories":[9],"tags":[],"class_list":["post-17737","post","type-post","status-publish","format-standard","has-post-thumbnail","hentry","category-noticias"],"acf":[],"_links":{"self":[{"href":"https:\/\/creapb.org.br\/site\/wp-json\/wp\/v2\/posts\/17737","targetHints":{"allow":["GET"]}}],"collection":[{"href":"https:\/\/creapb.org.br\/site\/wp-json\/wp\/v2\/posts"}],"about":[{"href":"https:\/\/creapb.org.br\/site\/wp-json\/wp\/v2\/types\/post"}],"author":[{"embeddable":true,"href":"https:\/\/creapb.org.br\/site\/wp-json\/wp\/v2\/users\/2"}],"replies":[{"embeddable":true,"href":"https:\/\/creapb.org.br\/site\/wp-json\/wp\/v2\/comments?post=17737"}],"version-history":[{"count":1,"href":"https:\/\/creapb.org.br\/site\/wp-json\/wp\/v2\/posts\/17737\/revisions"}],"predecessor-version":[{"id":17741,"href":"https:\/\/creapb.org.br\/site\/wp-json\/wp\/v2\/posts\/17737\/revisions\/17741"}],"wp:featuredmedia":[{"embeddable":true,"href":"https:\/\/creapb.org.br\/site\/wp-json\/wp\/v2\/media\/17740"}],"wp:attachment":[{"href":"https:\/\/creapb.org.br\/site\/wp-json\/wp\/v2\/media?parent=17737"}],"wp:term":[{"taxonomy":"category","embeddable":true,"href":"https:\/\/creapb.org.br\/site\/wp-json\/wp\/v2\/categories?post=17737"},{"taxonomy":"post_tag","embeddable":true,"href":"https:\/\/creapb.org.br\/site\/wp-json\/wp\/v2\/tags?post=17737"}],"curies":[{"name":"wp","href":"https:\/\/api.w.org\/{rel}","templated":true}]}}