{"id":17742,"date":"2020-11-06T12:17:50","date_gmt":"2020-11-06T15:17:50","guid":{"rendered":"http:\/\/creapb.org.br\/?p=17742"},"modified":"2020-11-10T10:06:24","modified_gmt":"2020-11-10T13:06:24","slug":"aea-pb-publica-edital-de-convocacao-eleitoral-2020","status":"publish","type":"post","link":"https:\/\/creapb.org.br\/site\/aea-pb-publica-edital-de-convocacao-eleitoral-2020\/","title":{"rendered":"AEA-PB publica edital de convoca\u00e7\u00e3o eleitoral 2020"},"content":{"rendered":"<h2>ACESSE ABAIXO A DOCUMENTA\u00c7\u00c3O:<\/h2>\n<p><span style=\"color: #3366ff;\"><a style=\"color: #3366ff;\" href=\"https:\/\/creapb.org.br\/site\/wp-content\/uploads\/2020\/11\/MODELO-DE-REQUERIMENTO-DE-REGISTRO-DE-CHAPA.pdf\">MODELO DE REQUERIMENTO DE REGISTRO DE CHAPA<\/a><\/span><\/p>\n<p><span style=\"color: #3366ff;\"><a style=\"color: #3366ff;\" href=\"https:\/\/creapb.org.br\/site\/wp-content\/uploads\/2020\/11\/EDITAL-COM-ELEITORAL.pdf\">EDITAL-COM ELEITORAL<\/a><\/span><\/p>\n<p><span style=\"color: #3366ff;\"><a style=\"color: #3366ff;\" href=\"https:\/\/creapb.org.br\/site\/wp-content\/uploads\/2020\/11\/1.-Formul\u00e1rio-Requerimento-de-registro-de-candidatura.pdf\">1. Formul\u00e1rio &#8211; Requerimento de registro de candidatura<\/a><\/span><\/p>\n<p>&nbsp;<\/p>\n<p><img fetchpriority=\"high\" decoding=\"async\" class=\"alignnone wp-image-17749\" src=\"https:\/\/creapb.org.br\/site\/wp-content\/uploads\/2020\/11\/UNI\u00c3O-DIGITALIZADA-1.jpg\" alt=\"\" width=\"1253\" height=\"2229\" srcset=\"https:\/\/creapb.org.br\/site\/wp-content\/uploads\/2020\/11\/UNI\u00c3O-DIGITALIZADA-1.jpg 3683w, https:\/\/creapb.org.br\/site\/wp-content\/uploads\/2020\/11\/UNI\u00c3O-DIGITALIZADA-1-169x300.jpg 169w, https:\/\/creapb.org.br\/site\/wp-content\/uploads\/2020\/11\/UNI\u00c3O-DIGITALIZADA-1-768x1366.jpg 768w, https:\/\/creapb.org.br\/site\/wp-content\/uploads\/2020\/11\/UNI\u00c3O-DIGITALIZADA-1-576x1024.jpg 576w\" sizes=\"(max-width: 1253px) 100vw, 1253px\" \/><\/p>\n<p>&nbsp;<\/p>\n","protected":false},"excerpt":{"rendered":"<p>ACESSE ABAIXO A DOCUMENTA\u00c7\u00c3O: MODELO DE REQUERIMENTO DE REGISTRO DE CHAPA EDITAL-COM ELEITORAL 1. Formul\u00e1rio &#8211; Requerimento de registro de candidatura &nbsp; &nbsp;<\/p>\n","protected":false},"author":2,"featured_media":17751,"comment_status":"open","ping_status":"open","sticky":false,"template":"","format":"standard","meta":{"_acf_changed":false,"footnotes":""},"categories":[9],"tags":[],"class_list":["post-17742","post","type-post","status-publish","format-standard","has-post-thumbnail","hentry","category-noticias"],"acf":[],"_links":{"self":[{"href":"https:\/\/creapb.org.br\/site\/wp-json\/wp\/v2\/posts\/17742","targetHints":{"allow":["GET"]}}],"collection":[{"href":"https:\/\/creapb.org.br\/site\/wp-json\/wp\/v2\/posts"}],"about":[{"href":"https:\/\/creapb.org.br\/site\/wp-json\/wp\/v2\/types\/post"}],"author":[{"embeddable":true,"href":"https:\/\/creapb.org.br\/site\/wp-json\/wp\/v2\/users\/2"}],"replies":[{"embeddable":true,"href":"https:\/\/creapb.org.br\/site\/wp-json\/wp\/v2\/comments?post=17742"}],"version-history":[{"count":6,"href":"https:\/\/creapb.org.br\/site\/wp-json\/wp\/v2\/posts\/17742\/revisions"}],"predecessor-version":[{"id":17756,"href":"https:\/\/creapb.org.br\/site\/wp-json\/wp\/v2\/posts\/17742\/revisions\/17756"}],"wp:featuredmedia":[{"embeddable":true,"href":"https:\/\/creapb.org.br\/site\/wp-json\/wp\/v2\/media\/17751"}],"wp:attachment":[{"href":"https:\/\/creapb.org.br\/site\/wp-json\/wp\/v2\/media?parent=17742"}],"wp:term":[{"taxonomy":"category","embeddable":true,"href":"https:\/\/creapb.org.br\/site\/wp-json\/wp\/v2\/categories?post=17742"},{"taxonomy":"post_tag","embeddable":true,"href":"https:\/\/creapb.org.br\/site\/wp-json\/wp\/v2\/tags?post=17742"}],"curies":[{"name":"wp","href":"https:\/\/api.w.org\/{rel}","templated":true}]}}