{"id":17789,"date":"2020-11-27T12:14:43","date_gmt":"2020-11-27T15:14:43","guid":{"rendered":"http:\/\/creapb.org.br\/?p=17789"},"modified":"2020-11-27T12:50:09","modified_gmt":"2020-11-27T15:50:09","slug":"dia-do-engenheiro-eletricista-e-marcado-por-webinario-promovido-pelo-crea-e-abee-pb","status":"publish","type":"post","link":"https:\/\/creapb.org.br\/site\/dia-do-engenheiro-eletricista-e-marcado-por-webinario-promovido-pelo-crea-e-abee-pb\/","title":{"rendered":"Dia do Engenheiro Eletricista \u00e9 marcado por Webin\u00e1rio promovido pelo CREA e ABEE-PB"},"content":{"rendered":"<p>O evento Webin\u00e1rio\u00a0Em Comemora\u00e7\u00e3o Ao Dia Do Engenheiro Eetricista, realizado no dia 23 de novembro, pelo Conselho Regional de Engenharia e Agronomia da Para\u00edba (CREA-PB), em parceria com a Associa\u00e7\u00e3o Brasileira de Engenheiros Eletricistas da Para\u00edba (ABEE-PB), teve como destaque o debate sobre a operacionalidade do 5G no Brasil e a import\u00e2ncia dos servi\u00e7os das Engenharias no desenvolvimento do pa\u00eds. O evento contou com a participa\u00e7\u00e3o do diretor-geral da Ag\u00eancia Nacional de Engenharia El\u00e9trica (Aneel), Andr\u00e9 Pepitone, e do professor da UFCG, Danilo Santos.<\/p>\n<p style=\"text-align: left;\"><img fetchpriority=\"high\" decoding=\"async\" class=\"wp-image-17799 alignleft\" src=\"https:\/\/creapb.org.br\/site\/wp-content\/uploads\/2020\/11\/aragao-1024x595.png\" alt=\"\" width=\"301\" height=\"175\" srcset=\"https:\/\/creapb.org.br\/site\/wp-content\/uploads\/2020\/11\/aragao-1024x595.png 1024w, https:\/\/creapb.org.br\/site\/wp-content\/uploads\/2020\/11\/aragao-300x174.png 300w, https:\/\/creapb.org.br\/site\/wp-content\/uploads\/2020\/11\/aragao-768x446.png 768w, https:\/\/creapb.org.br\/site\/wp-content\/uploads\/2020\/11\/aragao.png 1195w\" sizes=\"(max-width: 301px) 100vw, 301px\" \/>O presidente do Crea-PB, Antonio Carlos de Arag\u00e3o, \u00a0abriu o evento saudando todos os engenheiros eletricistas pelo seu dia e parabenizou a categoria a n\u00edvel nacional. \u00a0\u201cQuero parabenizar a todos os engenheiros eletricistas do Brasil, que t\u00eam a responsabilidade e a miss\u00e3o de\u00a0participar, efetivamente, e levar adiante o desenvolvimento de nosso pa\u00eds. Coloco o Crea-PB \u00e0 disposi\u00e7\u00e3o para o que for necess\u00e1rio, diante daquilo que a sociedade deseja de n\u00f3s engenheiros\u201d, disse o presidente.<\/p>\n<p>Arag\u00e3o, na sequ\u00eancia, fez elogios \u00e0 parceira com a ABEE-PB, afirmando ser de fundamental import\u00e2ncia na nova fase de gest\u00e3o da autarquia. \u201cTemos hoje como uma das principais fun\u00e7\u00f5es promover eventos desse tipo e estar pr\u00f3ximo \u00e0 sociedade atendendo aos desejos, anseios e \u00e0s necessidades de nossa popula\u00e7\u00e3o, e, para isso n\u00f3s contamos com a Associa\u00e7\u00e3o Brasileira de Engenheiros Eletricistas da Seccional da Para\u00edba, como parceiro importante\u201d, pontuou Arag\u00e3o.<\/p>\n<p>&nbsp;<\/p>\n<p><img decoding=\"async\" class=\"wp-image-17800 alignright\" src=\"https:\/\/creapb.org.br\/site\/wp-content\/uploads\/2020\/11\/martinho-nobre-1024x580.png\" alt=\"\" width=\"293\" height=\"166\" srcset=\"https:\/\/creapb.org.br\/site\/wp-content\/uploads\/2020\/11\/martinho-nobre-1024x580.png 1024w, https:\/\/creapb.org.br\/site\/wp-content\/uploads\/2020\/11\/martinho-nobre-300x170.png 300w, https:\/\/creapb.org.br\/site\/wp-content\/uploads\/2020\/11\/martinho-nobre-768x435.png 768w, https:\/\/creapb.org.br\/site\/wp-content\/uploads\/2020\/11\/martinho-nobre.png 1212w\" sizes=\"(max-width: 293px) 100vw, 293px\" \/><\/p>\n<p>&nbsp;<\/p>\n<p>O engenheiro eletricista e presidente da ABEE-PB, Martinho Nobre, parabenizou e homenageou indistintamente todos os engenheiros\u00a0eletricistas pela data comemorativa. \u201cNossa miss\u00e3o \u00e9 participar do processo de mudan\u00e7as. Contribuir com os gestores p\u00fablicos na dissemina\u00e7\u00e3o de novas tecnologias e conhecimentos, assim como prestar servi\u00e7os \u00e0 sociedade com zelo e qualidade\u201d, disse Martinho.<\/p>\n<p>&nbsp;<\/p>\n<p><img decoding=\"async\" class=\"wp-image-17801 alignleft\" src=\"https:\/\/creapb.org.br\/site\/wp-content\/uploads\/2020\/11\/ANEEL-1024x624.jpg\" alt=\"\" width=\"300\" height=\"183\" srcset=\"https:\/\/creapb.org.br\/site\/wp-content\/uploads\/2020\/11\/ANEEL-1024x624.jpg 1024w, https:\/\/creapb.org.br\/site\/wp-content\/uploads\/2020\/11\/ANEEL-300x183.jpg 300w, https:\/\/creapb.org.br\/site\/wp-content\/uploads\/2020\/11\/ANEEL-768x468.jpg 768w, https:\/\/creapb.org.br\/site\/wp-content\/uploads\/2020\/11\/ANEEL.jpg 1457w\" sizes=\"(max-width: 300px) 100vw, 300px\" \/>O diretor-geral da Aneel, Andr\u00e9 Pepitone, destacou a import\u00e2ncia da integra\u00e7\u00e3o da sociedade com o setor el\u00e9trico na medida em que ocorre a moderniza\u00e7\u00e3o desse meio devido aos avan\u00e7os tecnol\u00f3gicos. \u201cO setor passa por um processo acelerado de transforma\u00e7\u00e3o que vai pelo caminho do empoderamento do consumidor. Considerando que cada vez mais esse consumidor passa a interagir com o setor el\u00e9trico, n\u00f3s temos que atuar para eliminar barreiras, para que o desenvolvimento tecnol\u00f3gico possa avan\u00e7ar, possa adentrar, permitindo uma efici\u00eancia cada vez maior\u201d, comentou.<\/p>\n<p>Andr\u00e9 Pepitone mencionou ainda sobre a import\u00e2ncia dos profissionais das Engenharias no processo de desenvolvimento econ\u00f4mico do pa\u00eds: \u201ctodo pa\u00eds que cresceu no mundo teve engenheiros \u00e0 frente, teve a profiss\u00e3o valorizada, e eu n\u00e3o tenho nenhuma d\u00favida que os engenheiros ter\u00e3o papel fundamental para virarmos essa p\u00e1gina no Brasil e avan\u00e7ar no crescimento econ\u00f4mico\u201d.<\/p>\n<p><img loading=\"lazy\" decoding=\"async\" class=\"wp-image-17802 alignright\" src=\"https:\/\/creapb.org.br\/site\/wp-content\/uploads\/2020\/11\/DANILO-1024x603.jpg\" alt=\"\" width=\"300\" height=\"177\" srcset=\"https:\/\/creapb.org.br\/site\/wp-content\/uploads\/2020\/11\/DANILO-1024x603.jpg 1024w, https:\/\/creapb.org.br\/site\/wp-content\/uploads\/2020\/11\/DANILO-300x177.jpg 300w, https:\/\/creapb.org.br\/site\/wp-content\/uploads\/2020\/11\/DANILO-768x452.jpg 768w, https:\/\/creapb.org.br\/site\/wp-content\/uploads\/2020\/11\/DANILO.jpg 1414w\" sizes=\"(max-width: 300px) 100vw, 300px\" \/><\/p>\n<p>Encerrando o evento, o professor da UFCG e coordenador do primeiro laborat\u00f3rio de 5G implantado no nordeste, Danilo Santos, falou que o 5G n\u00e3o se resume a downloads mais r\u00e1pidos, mas sim a uma tecnologia potencializadora da internet das coisas. \u201cVe\u00edculos inteligentes que poder\u00e3o ser controlados remotamente. Sa\u00fade conectada, promovendo a aproxima\u00e7\u00e3o de assist\u00eancia m\u00e9dica entre os pacientes com o profissional de sa\u00fade, por\u00e9m, sem a dispensa desse profissional fisicamente\u201d, afirmou.<\/p>\n<p>Danilo tamb\u00e9m pontuou o papel social dos profissionais da Engenharia neste novo cen\u00e1rio. \u201cComo engenheiros, \u00e9 de nossa responsabilidade, nossa vis\u00e3o para a sociedade, em como desenvolver novos modos de lidar com toda essa tecnologia em benef\u00edcio da sociedade, desenvolvendo novos modelos de neg\u00f3cios para o melhor uso dessa tecnologia\u201d, disse o professor da UFCG.<\/p>\n<p>&nbsp;<\/p>\n<p><em>*Raniery Monteiro (Estagi\u00e1rio da Assessoria\u00a0de\u00a0Comunica\u00e7\u00e3o do Crea-PB sob a supervis\u00e3o da Jorn. Grazielle Uch\u00f4a)<\/em><\/p>\n","protected":false},"excerpt":{"rendered":"<p>O evento Webin\u00e1rio\u00a0Em Comemora\u00e7\u00e3o Ao Dia Do Engenheiro Eetricista, realizado no dia 23 de novembro, pelo Conselho Regional de Engenharia e Agronomia da Para\u00edba (CREA-PB), em parceria com a Associa\u00e7\u00e3o Brasileira de Engenheiros Eletricistas da Para\u00edba (ABEE-PB), teve como destaque o debate sobre a operacionalidade do 5G no Brasil e a import\u00e2ncia dos servi\u00e7os das Engenharias no desenvolvimento do pa\u00eds. O evento contou com a participa\u00e7\u00e3o do diretor-geral da Ag\u00eancia Nacional de Engenharia El\u00e9trica (Aneel), Andr\u00e9 Pepitone, e do professor da UFCG, Danilo Santos. O presidente do Crea-PB, Antonio Carlos de Arag\u00e3o, \u00a0abriu o evento saudando todos os engenheiros eletricistas [&hellip;]<\/p>\n","protected":false},"author":2,"featured_media":17801,"comment_status":"open","ping_status":"open","sticky":false,"template":"","format":"standard","meta":{"_acf_changed":false,"footnotes":""},"categories":[9],"tags":[],"class_list":["post-17789","post","type-post","status-publish","format-standard","has-post-thumbnail","hentry","category-noticias"],"acf":[],"_links":{"self":[{"href":"https:\/\/creapb.org.br\/site\/wp-json\/wp\/v2\/posts\/17789","targetHints":{"allow":["GET"]}}],"collection":[{"href":"https:\/\/creapb.org.br\/site\/wp-json\/wp\/v2\/posts"}],"about":[{"href":"https:\/\/creapb.org.br\/site\/wp-json\/wp\/v2\/types\/post"}],"author":[{"embeddable":true,"href":"https:\/\/creapb.org.br\/site\/wp-json\/wp\/v2\/users\/2"}],"replies":[{"embeddable":true,"href":"https:\/\/creapb.org.br\/site\/wp-json\/wp\/v2\/comments?post=17789"}],"version-history":[{"count":12,"href":"https:\/\/creapb.org.br\/site\/wp-json\/wp\/v2\/posts\/17789\/revisions"}],"predecessor-version":[{"id":17814,"href":"https:\/\/creapb.org.br\/site\/wp-json\/wp\/v2\/posts\/17789\/revisions\/17814"}],"wp:featuredmedia":[{"embeddable":true,"href":"https:\/\/creapb.org.br\/site\/wp-json\/wp\/v2\/media\/17801"}],"wp:attachment":[{"href":"https:\/\/creapb.org.br\/site\/wp-json\/wp\/v2\/media?parent=17789"}],"wp:term":[{"taxonomy":"category","embeddable":true,"href":"https:\/\/creapb.org.br\/site\/wp-json\/wp\/v2\/categories?post=17789"},{"taxonomy":"post_tag","embeddable":true,"href":"https:\/\/creapb.org.br\/site\/wp-json\/wp\/v2\/tags?post=17789"}],"curies":[{"name":"wp","href":"https:\/\/api.w.org\/{rel}","templated":true}]}}