{"id":17798,"date":"2020-11-27T13:07:16","date_gmt":"2020-11-27T16:07:16","guid":{"rendered":"http:\/\/creapb.org.br\/?p=17798"},"modified":"2020-11-27T13:08:58","modified_gmt":"2020-11-27T16:08:58","slug":"aragao-candida-e-mousinho-tomam-posse-e-jose-humberto-e-eleito-diretor-financeiro-da-mutua","status":"publish","type":"post","link":"https:\/\/creapb.org.br\/site\/aragao-candida-e-mousinho-tomam-posse-e-jose-humberto-e-eleito-diretor-financeiro-da-mutua\/","title":{"rendered":"Arag\u00e3o, C\u00e2ndida e Mousinho tomam posse e Jos\u00e9 Humberto \u00e9 eleito diretor financeiro da M\u00fatua"},"content":{"rendered":"<p>&nbsp;<\/p>\n<p><img fetchpriority=\"high\" decoding=\"async\" class=\"wp-image-17817 alignright\" src=\"https:\/\/creapb.org.br\/site\/wp-content\/uploads\/2020\/11\/IMG_2000-1024x719.jpg\" width=\"424\" height=\"298\" srcset=\"https:\/\/creapb.org.br\/site\/wp-content\/uploads\/2020\/11\/IMG_2000-1024x719.jpg 1024w, https:\/\/creapb.org.br\/site\/wp-content\/uploads\/2020\/11\/IMG_2000-300x211.jpg 300w, https:\/\/creapb.org.br\/site\/wp-content\/uploads\/2020\/11\/IMG_2000-768x539.jpg 768w\" sizes=\"(max-width: 424px) 100vw, 424px\" \/><\/p>\n<p>Nesta quinta-feira (26) , foi realizada a Plen\u00e1ria de novembro do Crea-PB, no sal\u00e3o de eventos do Hotel Nord Luxxor Tamba\u00fa. Na ocasi\u00e3o, o presidente reeleito, Antonio Carlos de Arag\u00e3o, e os diretores geral e\u00a0administrativo\u00a0da M\u00fatua, C\u00e2ndida R\u00e9gis e Ant\u00f4nio Mousinho, tomaram posse para o tri\u00eanio 2021-2023. Foi realizada ainda a elei\u00e7\u00e3o para diretor financeiro da Caixa de Assist\u00eancia, que referendou o candidato Jos\u00e9 Humberto para a Diretoria Financeira.<\/p>\n<p>Arag\u00e3o abriu a sess\u00e3o agradecendo a presen\u00e7a de todos e esclarecendo que a reuni\u00e3o s\u00f3 foi realizada presencialmente em virtude da elei\u00e7\u00e3o, mas ressaltou todas as medidas de seguran\u00e7a que foram tomadas para que o evento pudesse ocorrer. Os empossados agradeceram a confian\u00e7a depositada pelos profissionais e conselheiros atrav\u00e9s da escolha dos seus nomes para assumirem cargos representativos da Engenharia, Agronomia e Geoci\u00eancias.<\/p>\n<p>&nbsp;<\/p>\n<p>O presidente do Crea-PB, Antonio Carlos de Arag\u00e3o, reafirmou ainda o compromisso e a parceria com a M\u00fatua-PB, colocando o Conselho \u00e0 disposi\u00e7\u00e3o da Caixa de Assist\u00eancia. &#8220;N\u00f3s somos um ser \u00fanico e precisamos trabalhar em prol da sociedade e dos profissionais&#8221;, afirmou.<\/p>\n<p><img decoding=\"async\" class=\" wp-image-17816 aligncenter\" src=\"https:\/\/creapb.org.br\/site\/wp-content\/uploads\/2020\/11\/IMG_2007-1024x721.jpg\" alt=\"\" width=\"441\" height=\"310\" srcset=\"https:\/\/creapb.org.br\/site\/wp-content\/uploads\/2020\/11\/IMG_2007-1024x721.jpg 1024w, https:\/\/creapb.org.br\/site\/wp-content\/uploads\/2020\/11\/IMG_2007-300x211.jpg 300w, https:\/\/creapb.org.br\/site\/wp-content\/uploads\/2020\/11\/IMG_2007-768x541.jpg 768w\" sizes=\"(max-width: 441px) 100vw, 441px\" \/><\/p>\n<p>&nbsp;<\/p>\n<p><strong>Elei\u00e7\u00e3o<\/strong><\/p>\n<p>Durante a Reuni\u00e3o Plen\u00e1ria, foi realizada a elei\u00e7\u00e3o para Diretor Financeiro da M\u00fatua. A Comiss\u00e3o Eleitoral Regional conduziu os trabalhos e\u00a0 a vota\u00e7\u00e3o foi realizada pelos conselheiros do Crea-PB na sala de eventos. Foi referendado o nome do eng. agr. Jos\u00e9 Humberto Albuquerque que, emocionado, agrade\u00e7o o apoio dos colegas. Integrante da Diretoria atual da M\u00fatua-PB, ele disse acreditar que a gest\u00e3o atual fez um trabalho inovador \u00e0 frente da Caixa, especialmente no interior do estado e esperar dar continuidade a essas a\u00e7\u00f5es.<\/p>\n<p><img decoding=\"async\" class=\"wp-image-17818 aligncenter\" src=\"https:\/\/creapb.org.br\/site\/wp-content\/uploads\/2020\/11\/IMG_2021-1024x683.jpg\" width=\"430\" height=\"287\" srcset=\"https:\/\/creapb.org.br\/site\/wp-content\/uploads\/2020\/11\/IMG_2021-1024x683.jpg 1024w, https:\/\/creapb.org.br\/site\/wp-content\/uploads\/2020\/11\/IMG_2021-300x200.jpg 300w, https:\/\/creapb.org.br\/site\/wp-content\/uploads\/2020\/11\/IMG_2021-768x512.jpg 768w\" sizes=\"(max-width: 430px) 100vw, 430px\" \/><\/p>\n<p>&nbsp;<\/p>\n<p><strong>Homenagem\u00a0<\/strong><\/p>\n<p><img loading=\"lazy\" decoding=\"async\" class=\"wp-image-17819 alignright\" src=\"https:\/\/creapb.org.br\/site\/wp-content\/uploads\/2020\/11\/IMG_1969-1024x683.jpg\" alt=\"\" width=\"451\" height=\"301\" srcset=\"https:\/\/creapb.org.br\/site\/wp-content\/uploads\/2020\/11\/IMG_1969-1024x683.jpg 1024w, https:\/\/creapb.org.br\/site\/wp-content\/uploads\/2020\/11\/IMG_1969-300x200.jpg 300w, https:\/\/creapb.org.br\/site\/wp-content\/uploads\/2020\/11\/IMG_1969-768x512.jpg 768w\" sizes=\"(max-width: 451px) 100vw, 451px\" \/><\/p>\n<p>A noite tamb\u00e9m foi marcada pela homenagem ao vice-presidente do Crea-PB, Lu\u00eds Eduardo Chaves,\u00a0por sua contribui\u00e7\u00e3o durante o \u00a0exerc\u00edcio interino da Presid\u00eancia\u00a0 de mar\u00e7o a outubro de 2020, enquanto Arag\u00e3o esteve afastado em virtude das elei\u00e7\u00f5es. &#8220;Lu\u00eds foi o homem certo na hora certa&#8221;, se referiu o presidente, j\u00e1 que Lu\u00eds Eduardo assumiu o cargo no per\u00edodo de \u00e1pice da pandemia do Coronav\u00edrus e em meio \u00e0 quarentena.<\/p>\n<p>A Associa\u00e7\u00e3o de Engenharia de Seguran\u00e7a do Trabalho da Para\u00edba (AEST-PB), representada pela presidente Aparecida Estrela, tamb\u00e9m aproveitou a oportunidade para homenagear o vice-presidente, entregando-lhe Certifica\u00e7\u00e3o de Men\u00e7\u00e3o Honrosa.<\/p>\n<p>Lu\u00eds Eduardo se disse surpreso com as homenagens e disse que cumpriu com o seu papel como gestor naquele momento. &#8220;Assumi a Presid\u00eancia interina para passar 3 meses e acabei passado 7 meses. Foi um per\u00edodo muito dif\u00edcil, mas contamos com a colabora\u00e7\u00e3o de todos os conselheiros e funcion\u00e1rios&#8221;, disse o vice-presidente que agradeceu o apoio que recebeu de todos.<\/p>\n<p>&nbsp;<\/p>\n<p><em>Jorn. Grazielle Uch\u00f4a\/Assessora de Comunica\u00e7\u00e3o do Crea-PB\u00a0<\/em><\/p>\n","protected":false},"excerpt":{"rendered":"<p>&nbsp; Nesta quinta-feira (26) , foi realizada a Plen\u00e1ria de novembro do Crea-PB, no sal\u00e3o de eventos do Hotel Nord Luxxor Tamba\u00fa. Na ocasi\u00e3o, o presidente reeleito, Antonio Carlos de Arag\u00e3o, e os diretores geral e\u00a0administrativo\u00a0da M\u00fatua, C\u00e2ndida R\u00e9gis e Ant\u00f4nio Mousinho, tomaram posse para o tri\u00eanio 2021-2023. Foi realizada ainda a elei\u00e7\u00e3o para diretor financeiro da Caixa de Assist\u00eancia, que referendou o candidato Jos\u00e9 Humberto para a Diretoria Financeira. Arag\u00e3o abriu a sess\u00e3o agradecendo a presen\u00e7a de todos e esclarecendo que a reuni\u00e3o s\u00f3 foi realizada presencialmente em virtude da elei\u00e7\u00e3o, mas ressaltou todas as medidas de seguran\u00e7a que [&hellip;]<\/p>\n","protected":false},"author":2,"featured_media":17817,"comment_status":"open","ping_status":"open","sticky":false,"template":"","format":"standard","meta":{"_acf_changed":false,"footnotes":""},"categories":[9],"tags":[],"class_list":["post-17798","post","type-post","status-publish","format-standard","has-post-thumbnail","hentry","category-noticias"],"acf":[],"_links":{"self":[{"href":"https:\/\/creapb.org.br\/site\/wp-json\/wp\/v2\/posts\/17798","targetHints":{"allow":["GET"]}}],"collection":[{"href":"https:\/\/creapb.org.br\/site\/wp-json\/wp\/v2\/posts"}],"about":[{"href":"https:\/\/creapb.org.br\/site\/wp-json\/wp\/v2\/types\/post"}],"author":[{"embeddable":true,"href":"https:\/\/creapb.org.br\/site\/wp-json\/wp\/v2\/users\/2"}],"replies":[{"embeddable":true,"href":"https:\/\/creapb.org.br\/site\/wp-json\/wp\/v2\/comments?post=17798"}],"version-history":[{"count":3,"href":"https:\/\/creapb.org.br\/site\/wp-json\/wp\/v2\/posts\/17798\/revisions"}],"predecessor-version":[{"id":17822,"href":"https:\/\/creapb.org.br\/site\/wp-json\/wp\/v2\/posts\/17798\/revisions\/17822"}],"wp:featuredmedia":[{"embeddable":true,"href":"https:\/\/creapb.org.br\/site\/wp-json\/wp\/v2\/media\/17817"}],"wp:attachment":[{"href":"https:\/\/creapb.org.br\/site\/wp-json\/wp\/v2\/media?parent=17798"}],"wp:term":[{"taxonomy":"category","embeddable":true,"href":"https:\/\/creapb.org.br\/site\/wp-json\/wp\/v2\/categories?post=17798"},{"taxonomy":"post_tag","embeddable":true,"href":"https:\/\/creapb.org.br\/site\/wp-json\/wp\/v2\/tags?post=17798"}],"curies":[{"name":"wp","href":"https:\/\/api.w.org\/{rel}","templated":true}]}}