{"id":17921,"date":"2021-03-15T09:14:09","date_gmt":"2021-03-15T12:14:09","guid":{"rendered":"http:\/\/creapb.org.br\/?p=17921"},"modified":"2021-03-15T09:14:09","modified_gmt":"2021-03-15T12:14:09","slug":"portaria-prorroga-suspensao-do-atendimento-presencial-ate-31-de-marco","status":"publish","type":"post","link":"https:\/\/creapb.org.br\/site\/portaria-prorroga-suspensao-do-atendimento-presencial-ate-31-de-marco\/","title":{"rendered":"Portaria prorroga suspens\u00e3o do atendimento presencial at\u00e9 31 de mar\u00e7o"},"content":{"rendered":"<p>Na \u00faltima sexta-feira (12), foi publicada Portaria prorrogando a suspens\u00e3o do atendimento presencial do Crea-PB at\u00e9 31 de mar\u00e7o. Profissionais, empresas e cidad\u00e3os continuar\u00e3o acessando os servi\u00e7os do Conselho normalmente, atrav\u00e9s do Ambiente Profissional no site, email, APP e telefones.<\/p>\n<p>Ainda que esteja sendo seguido rigoroso protocolo de seguran\u00e7a e preven\u00e7\u00e3o, em virtude do aumento de casos de COVID-19 no estado e na pr\u00f3pria sede do Conselho, com o objetivo de resguardar a sa\u00fade e seguran\u00e7a de seus colaboradores, dos profissionais e de todos que frequentam o Crea-PB, neste per\u00edodo, foi estabelecido revezamento nos setores, intercalando expedientes presenciais e de teletrabalho.<\/p>\n<p>Desta forma, o atendimento ao p\u00fablico atrav\u00e9s dos meios eletr\u00f4nicos mencionados acima segue das 8h \u00e0s 13h, de segunda \u00e0 sexta-feira.<\/p>\n","protected":false},"excerpt":{"rendered":"<p>Na \u00faltima sexta-feira (12), foi publicada Portaria prorrogando a suspens\u00e3o do atendimento presencial do Crea-PB at\u00e9 31 de mar\u00e7o. Profissionais, empresas e cidad\u00e3os continuar\u00e3o acessando os servi\u00e7os do Conselho normalmente, atrav\u00e9s do Ambiente Profissional no site, email, APP e telefones. Ainda que esteja sendo seguido rigoroso protocolo de seguran\u00e7a e preven\u00e7\u00e3o, em virtude do aumento de casos de COVID-19 no estado e na pr\u00f3pria sede do Conselho, com o objetivo de resguardar a sa\u00fade e seguran\u00e7a de seus colaboradores, dos profissionais e de todos que frequentam o Crea-PB, neste per\u00edodo, foi estabelecido revezamento nos setores, intercalando expedientes presenciais e de [&hellip;]<\/p>\n","protected":false},"author":2,"featured_media":17922,"comment_status":"open","ping_status":"open","sticky":false,"template":"","format":"standard","meta":{"_acf_changed":false,"footnotes":""},"categories":[9],"tags":[],"class_list":["post-17921","post","type-post","status-publish","format-standard","has-post-thumbnail","hentry","category-noticias"],"acf":[],"_links":{"self":[{"href":"https:\/\/creapb.org.br\/site\/wp-json\/wp\/v2\/posts\/17921","targetHints":{"allow":["GET"]}}],"collection":[{"href":"https:\/\/creapb.org.br\/site\/wp-json\/wp\/v2\/posts"}],"about":[{"href":"https:\/\/creapb.org.br\/site\/wp-json\/wp\/v2\/types\/post"}],"author":[{"embeddable":true,"href":"https:\/\/creapb.org.br\/site\/wp-json\/wp\/v2\/users\/2"}],"replies":[{"embeddable":true,"href":"https:\/\/creapb.org.br\/site\/wp-json\/wp\/v2\/comments?post=17921"}],"version-history":[{"count":1,"href":"https:\/\/creapb.org.br\/site\/wp-json\/wp\/v2\/posts\/17921\/revisions"}],"predecessor-version":[{"id":17923,"href":"https:\/\/creapb.org.br\/site\/wp-json\/wp\/v2\/posts\/17921\/revisions\/17923"}],"wp:featuredmedia":[{"embeddable":true,"href":"https:\/\/creapb.org.br\/site\/wp-json\/wp\/v2\/media\/17922"}],"wp:attachment":[{"href":"https:\/\/creapb.org.br\/site\/wp-json\/wp\/v2\/media?parent=17921"}],"wp:term":[{"taxonomy":"category","embeddable":true,"href":"https:\/\/creapb.org.br\/site\/wp-json\/wp\/v2\/categories?post=17921"},{"taxonomy":"post_tag","embeddable":true,"href":"https:\/\/creapb.org.br\/site\/wp-json\/wp\/v2\/tags?post=17921"}],"curies":[{"name":"wp","href":"https:\/\/api.w.org\/{rel}","templated":true}]}}