{"id":17929,"date":"2021-03-25T10:55:58","date_gmt":"2021-03-25T13:55:58","guid":{"rendered":"http:\/\/creapb.org.br\/?p=17929"},"modified":"2021-03-25T10:55:58","modified_gmt":"2021-03-25T13:55:58","slug":"nao-havera-expediente-de-29-de-marco-a-02-de-abril","status":"publish","type":"post","link":"https:\/\/creapb.org.br\/site\/nao-havera-expediente-de-29-de-marco-a-02-de-abril\/","title":{"rendered":"N\u00e3o haver\u00e1 expediente de 29 de mar\u00e7o a 02 de abril"},"content":{"rendered":"<p>Em cumprimento \u00e0 Medida Provis\u00f3ria 95 do Governo do Estado da Para\u00edba, n\u00e3o haver\u00e1 expediente no Crea-PB de 29 de mar\u00e7o a 02 de abril. A MP, publicada nesta quinta-feira (25),\u00a0prev\u00ea a antecipa\u00e7\u00e3o do feriado do dia 21 de abril (Tiradentes) para o dia 30 de mar\u00e7o; de 3 de junho (Corpus Christi) para o dia 31 de mar\u00e7o; e de 5 de agosto (funda\u00e7\u00e3o da Para\u00edba) para o dia 1\u00ba de abril.<\/p>\n<p>No texto enviado ao Poder Legislativo, o Executivo estadual observou que, apesar das medidas mais restritivas adotadas desde o dia 23 de fevereiro e da amplia\u00e7\u00e3o significativa de leitos de Unidade de Terapia Intensiva (UTI) e de enfermaria, o atual cen\u00e1rio pand\u00eamico exige a ado\u00e7\u00e3o de a\u00e7\u00f5es para permitir o isolamento e o distanciamento social, que s\u00e3o mecanismos mundialmente adotados pela efici\u00eancia no combate \u00e0 propaga\u00e7\u00e3o da Covid-19.<\/p>\n<p><strong>Atendimento presencial continua suspenso at\u00e9 31 de abril<\/strong><\/p>\n<p>Ainda que esteja sendo seguido rigoroso protocolo de seguran\u00e7a e preven\u00e7\u00e3o no Crea-PB, em virtude do aumento de casos de COVID-19 no estado e na pr\u00f3pria sede do Conselho, com o objetivo de resguardar a sa\u00fade e seguran\u00e7a de seus colaboradores, dos profissionais e de todos que frequentam o Crea-PB, at\u00e9 31 de abril, foi estabelecido revezamento nos setores, intercalando expedientes presenciais e de teletrabalho.<\/p>\n<p>Profissionais, empresas e cidad\u00e3os continuar\u00e3o acessando os servi\u00e7os do Conselho normalmente, atrav\u00e9s do Ambiente Profissional no site, email, APP e telefones.\u00a0Desta forma, o atendimento ao p\u00fablico atrav\u00e9s dos meios eletr\u00f4nicos mencionados acima segue das 8h \u00e0s 13h, de segunda \u00e0 sexta-feira.<\/p>\n","protected":false},"excerpt":{"rendered":"<p>Em cumprimento \u00e0 Medida Provis\u00f3ria 95 do Governo do Estado da Para\u00edba, n\u00e3o haver\u00e1 expediente no Crea-PB de 29 de mar\u00e7o a 02 de abril. A MP, publicada nesta quinta-feira (25),\u00a0prev\u00ea a antecipa\u00e7\u00e3o do feriado do dia 21 de abril (Tiradentes) para o dia 30 de mar\u00e7o; de 3 de junho (Corpus Christi) para o dia 31 de mar\u00e7o; e de 5 de agosto (funda\u00e7\u00e3o da Para\u00edba) para o dia 1\u00ba de abril. No texto enviado ao Poder Legislativo, o Executivo estadual observou que, apesar das medidas mais restritivas adotadas desde o dia 23 de fevereiro e da amplia\u00e7\u00e3o significativa [&hellip;]<\/p>\n","protected":false},"author":2,"featured_media":17930,"comment_status":"open","ping_status":"open","sticky":false,"template":"","format":"standard","meta":{"_acf_changed":false,"footnotes":""},"categories":[9],"tags":[],"class_list":["post-17929","post","type-post","status-publish","format-standard","has-post-thumbnail","hentry","category-noticias"],"acf":[],"_links":{"self":[{"href":"https:\/\/creapb.org.br\/site\/wp-json\/wp\/v2\/posts\/17929","targetHints":{"allow":["GET"]}}],"collection":[{"href":"https:\/\/creapb.org.br\/site\/wp-json\/wp\/v2\/posts"}],"about":[{"href":"https:\/\/creapb.org.br\/site\/wp-json\/wp\/v2\/types\/post"}],"author":[{"embeddable":true,"href":"https:\/\/creapb.org.br\/site\/wp-json\/wp\/v2\/users\/2"}],"replies":[{"embeddable":true,"href":"https:\/\/creapb.org.br\/site\/wp-json\/wp\/v2\/comments?post=17929"}],"version-history":[{"count":1,"href":"https:\/\/creapb.org.br\/site\/wp-json\/wp\/v2\/posts\/17929\/revisions"}],"predecessor-version":[{"id":17931,"href":"https:\/\/creapb.org.br\/site\/wp-json\/wp\/v2\/posts\/17929\/revisions\/17931"}],"wp:featuredmedia":[{"embeddable":true,"href":"https:\/\/creapb.org.br\/site\/wp-json\/wp\/v2\/media\/17930"}],"wp:attachment":[{"href":"https:\/\/creapb.org.br\/site\/wp-json\/wp\/v2\/media?parent=17929"}],"wp:term":[{"taxonomy":"category","embeddable":true,"href":"https:\/\/creapb.org.br\/site\/wp-json\/wp\/v2\/categories?post=17929"},{"taxonomy":"post_tag","embeddable":true,"href":"https:\/\/creapb.org.br\/site\/wp-json\/wp\/v2\/tags?post=17929"}],"curies":[{"name":"wp","href":"https:\/\/api.w.org\/{rel}","templated":true}]}}