{"id":17949,"date":"2021-04-23T12:58:13","date_gmt":"2021-04-23T15:58:13","guid":{"rendered":"http:\/\/creapb.org.br\/?p=17949"},"modified":"2021-05-26T11:02:44","modified_gmt":"2021-05-26T14:02:44","slug":"crea-pb-promove-ciclo-de-debates-sobre-etica-em-todo-o-mes-de-maio","status":"publish","type":"post","link":"https:\/\/creapb.org.br\/site\/crea-pb-promove-ciclo-de-debates-sobre-etica-em-todo-o-mes-de-maio\/","title":{"rendered":"Crea-PB promove ciclo de debates sobre \u00e9tica em todo o m\u00eas de maio"},"content":{"rendered":"<p>Durante todo o m\u00eas de maio, \u00e0s quintas-feiras, o Crea-PB promover\u00e1 ciclos de debates sobre \u00e9tica no seu canal do Youtube. Os eventos online v\u00e3o reunir nomes de destaque nacional para dialogar sobre o assunto, que ser\u00e1 debatido a partir dos temas &#8220;\u00c9tica profissional e cidadania&#8221;, &#8220;O olhar da \u00e9tica na Engenharia&#8221;, &#8220;\u00c9tica na ci\u00eancia, tecnologia e inova\u00e7\u00e3o&#8221; e &#8220;\u00c9tica em tempo de pandemia&#8221;.<\/p>\n<p>Maio foi o m\u00eas escolhido porque em 2 de maio comemora-se o Dia Nacional da \u00c9tica, uma data para lembrar a import\u00e2ncia dos c\u00f3digos, que trazem os princ\u00edpios b\u00e1sicos da boa conduta de agentes p\u00fablicos e privados. Na engenharia, a \u00e9tica permeia\u00a0todas as tomadas de decis\u00f5es em projetos ou em servi\u00e7os realizados por seus profissionais. Zelar pela seguran\u00e7a, sa\u00fade e bem-estar das pessoas durante a execu\u00e7\u00e3o das tarefas profissionais e realizar servi\u00e7os apenas nas \u00e1reas de sua compet\u00eancia s\u00e3o alguns dos exemplos mais evidentes.<\/p>\n<p>Para o presidente do Crea-PB, Antonio Carlos de Arag\u00e3o, o tema \u00e9 sempre atual e deve estar na pauta de toda a sociedade. &#8220;Debater um assunto t\u00e3o importante como a \u00e9tica traz \u00e0 luz a realidade do Pa\u00eds em que vivemos e como \u00e9 poss\u00edvel evitar e reparar os desvios cometidos, enquanto ind\u00edviduos, profissionais e sociedade&#8221;, comenta. Ele lembra que \u00e9 o terceiro ano que o Conselho realiza evento em alus\u00e3o \u00e0 data. &#8220;Este ano, nesta edi\u00e7\u00e3o online, poderemos estender o debate para que pessoas de todo Brasil participem conosco&#8221;, comemora.<\/p>\n<p>A iniciativa \u00e9 da Comiss\u00e3o de \u00c9tica do Crea-PB, coordenada pela engenheira civil Carmem Eleon\u00f4ra Amorim Soares, que \u00e9 tamb\u00e9m coordenadora nacional das Comiss\u00f5es de \u00c9tica do Sistema Confea\/Crea. O evento contar\u00e1 com convidados, como o presidente do Conselho Federal de Engenharia e Agronomia (Confea), eng. civil Joel Kruger, o adv. Marlon Reis, relator da Lei da &#8220;Ficha limpa&#8221; e outros nomes de relev\u00e2ncia nacional.<\/p>\n<p>A programa\u00e7\u00e3o completa estar\u00e1 dispon\u00edvel em breve.<\/p>\n<p><img fetchpriority=\"high\" decoding=\"async\" class=\"alignnone size-large wp-image-17955\" src=\"https:\/\/creapb.org.br\/site\/wp-content\/uploads\/2021\/04\/email-mkt-1-577x1024.png\" alt=\"\" width=\"577\" height=\"1024\" srcset=\"https:\/\/creapb.org.br\/site\/wp-content\/uploads\/2021\/04\/email-mkt-1-577x1024.png 577w, https:\/\/creapb.org.br\/site\/wp-content\/uploads\/2021\/04\/email-mkt-1-169x300.png 169w, https:\/\/creapb.org.br\/site\/wp-content\/uploads\/2021\/04\/email-mkt-1-768x1364.png 768w, https:\/\/creapb.org.br\/site\/wp-content\/uploads\/2021\/04\/email-mkt-1.png 1554w\" sizes=\"(max-width: 577px) 100vw, 577px\" \/><\/p>\n<p>&nbsp;<\/p>\n","protected":false},"excerpt":{"rendered":"<p>Durante todo o m\u00eas de maio, \u00e0s quintas-feiras, o Crea-PB promover\u00e1 ciclos de debates sobre \u00e9tica no seu canal do Youtube. Os eventos online v\u00e3o reunir nomes de destaque nacional para dialogar sobre o assunto, que ser\u00e1 debatido a partir dos temas &#8220;\u00c9tica profissional e cidadania&#8221;, &#8220;O olhar da \u00e9tica na Engenharia&#8221;, &#8220;\u00c9tica na ci\u00eancia, tecnologia e inova\u00e7\u00e3o&#8221; e &#8220;\u00c9tica em tempo de pandemia&#8221;. Maio foi o m\u00eas escolhido porque em 2 de maio comemora-se o Dia Nacional da \u00c9tica, uma data para lembrar a import\u00e2ncia dos c\u00f3digos, que trazem os princ\u00edpios b\u00e1sicos da boa conduta de agentes p\u00fablicos e [&hellip;]<\/p>\n","protected":false},"author":2,"featured_media":17953,"comment_status":"open","ping_status":"open","sticky":false,"template":"","format":"standard","meta":{"_acf_changed":false,"footnotes":""},"categories":[9],"tags":[],"class_list":["post-17949","post","type-post","status-publish","format-standard","has-post-thumbnail","hentry","category-noticias"],"acf":[],"_links":{"self":[{"href":"https:\/\/creapb.org.br\/site\/wp-json\/wp\/v2\/posts\/17949","targetHints":{"allow":["GET"]}}],"collection":[{"href":"https:\/\/creapb.org.br\/site\/wp-json\/wp\/v2\/posts"}],"about":[{"href":"https:\/\/creapb.org.br\/site\/wp-json\/wp\/v2\/types\/post"}],"author":[{"embeddable":true,"href":"https:\/\/creapb.org.br\/site\/wp-json\/wp\/v2\/users\/2"}],"replies":[{"embeddable":true,"href":"https:\/\/creapb.org.br\/site\/wp-json\/wp\/v2\/comments?post=17949"}],"version-history":[{"count":3,"href":"https:\/\/creapb.org.br\/site\/wp-json\/wp\/v2\/posts\/17949\/revisions"}],"predecessor-version":[{"id":18025,"href":"https:\/\/creapb.org.br\/site\/wp-json\/wp\/v2\/posts\/17949\/revisions\/18025"}],"wp:featuredmedia":[{"embeddable":true,"href":"https:\/\/creapb.org.br\/site\/wp-json\/wp\/v2\/media\/17953"}],"wp:attachment":[{"href":"https:\/\/creapb.org.br\/site\/wp-json\/wp\/v2\/media?parent=17949"}],"wp:term":[{"taxonomy":"category","embeddable":true,"href":"https:\/\/creapb.org.br\/site\/wp-json\/wp\/v2\/categories?post=17949"},{"taxonomy":"post_tag","embeddable":true,"href":"https:\/\/creapb.org.br\/site\/wp-json\/wp\/v2\/tags?post=17949"}],"curies":[{"name":"wp","href":"https:\/\/api.w.org\/{rel}","templated":true}]}}