{"id":17979,"date":"2021-05-14T12:57:25","date_gmt":"2021-05-14T15:57:25","guid":{"rendered":"http:\/\/creapb.org.br\/?p=17979"},"modified":"2021-05-14T12:57:25","modified_gmt":"2021-05-14T15:57:25","slug":"segunda-live-sobre-etica-debate-formacao-dos-novos-profissionais-gestao-ambiental-industria-da-construcao-civil-e-mais","status":"publish","type":"post","link":"https:\/\/creapb.org.br\/site\/segunda-live-sobre-etica-debate-formacao-dos-novos-profissionais-gestao-ambiental-industria-da-construcao-civil-e-mais\/","title":{"rendered":"Segunda live sobre \u00e9tica debate forma\u00e7\u00e3o dos novos profissionais, gest\u00e3o ambiental, ind\u00fastria da constru\u00e7\u00e3o civil e mais!"},"content":{"rendered":"<p>Nessa quinta-feira (14), o Ciclo de Debates sobre \u00c9tica, que acontece todas as quintas-feiras do m\u00eas de maio, \u00a0teve como tema \u201cO Olhar da \u00c9tica na Engenharia\u201d, que atravessou o contexto da forma\u00e7\u00e3o dos novos profissionais, da gest\u00e3o ambiental, da ind\u00fastria da constru\u00e7\u00e3o civil, das licita\u00e7\u00f5es e muito mais.<\/p>\n<p><img fetchpriority=\"high\" decoding=\"async\" class=\"wp-image-17981 alignright\" src=\"https:\/\/creapb.org.br\/site\/wp-content\/uploads\/2021\/05\/CARMEM-1024x576.png\" alt=\"\" width=\"450\" height=\"253\" srcset=\"https:\/\/creapb.org.br\/site\/wp-content\/uploads\/2021\/05\/CARMEM-1024x576.png 1024w, https:\/\/creapb.org.br\/site\/wp-content\/uploads\/2021\/05\/CARMEM-300x169.png 300w, https:\/\/creapb.org.br\/site\/wp-content\/uploads\/2021\/05\/CARMEM-768x432.png 768w, https:\/\/creapb.org.br\/site\/wp-content\/uploads\/2021\/05\/CARMEM.png 1366w\" sizes=\"(max-width: 450px) 100vw, 450px\" \/><\/p>\n<p>A coordenadora nacional de Comiss\u00f5es de \u00c9tica do Sistema Confea\/Crea e da Comiss\u00e3o de \u00c9tica do Crea-PB, Carmem Eleonora Amorim Soares, deu as boas vindas a todos os participantes e passou a palavra ao presidente do Crea-PB, Antonio Carlos de Arag\u00e3o, que cumprimentou todos os painelistas e internautas presentes no evento online, afirmando que o tema \u00e9 de grande utilidade para todos os profissionais. \u201cTodos n\u00f3s que fazemos parte do Crea-PB bebemos na fonte do conhecimento dos senhores e senhoras\u201d, disse.<\/p>\n<p>A engenheira civil Mar\u00edlia Melo, Secretaria de Meio Ambiente e Desenvolvimento Sustent\u00e1vel de Minas Gerais, iniciou as exposi\u00e7\u00f5es sobre o tema da noite. Ela relacionou a \u00e9tica profissional \u00e0 valoriza\u00e7\u00e3o dos profissionais da \u00e1rea tecnol\u00f3gica, em especial, no contexto da atua\u00e7\u00e3o t\u00e9cnica na gest\u00e3o ambiental, citando como exemplo os casos de rompimento das barragens de Brumadinho e Mariana.<\/p>\n<p><img decoding=\"async\" class=\"wp-image-17982 alignleft\" src=\"https:\/\/creapb.org.br\/site\/wp-content\/uploads\/2021\/05\/MAR\u00cdLIA-MELO-1024x576.png\" alt=\"\" width=\"366\" height=\"206\" srcset=\"https:\/\/creapb.org.br\/site\/wp-content\/uploads\/2021\/05\/MAR\u00cdLIA-MELO-1024x576.png 1024w, https:\/\/creapb.org.br\/site\/wp-content\/uploads\/2021\/05\/MAR\u00cdLIA-MELO-300x169.png 300w, https:\/\/creapb.org.br\/site\/wp-content\/uploads\/2021\/05\/MAR\u00cdLIA-MELO-768x432.png 768w, https:\/\/creapb.org.br\/site\/wp-content\/uploads\/2021\/05\/MAR\u00cdLIA-MELO.png 1366w\" sizes=\"(max-width: 366px) 100vw, 366px\" \/><\/p>\n<p>\u201cN\u00f3s tivemos dois grandes desastres no nosso estado, em Mariana e Brumadinho. A onda de cheia gerada pelo rompimento da barragem chegou ao oceano. Al\u00e9m do impacto ambiental, a perda humana. Isso volta \u00e0 tona a nossa responsabilidade enquanto engenheiros, respons\u00e1veis t\u00e9cnicos\u201d, disse.<\/p>\n<p>J\u00e1 a professora do Centro de Tecnologia da Universidade Federal da Para\u00edba (UFPB), Eng\u00aa de Produ\u00e7\u00e3o, Sandra Morioka, contribuiu com o debate ao mencionar o papel da Academia na forma\u00e7\u00e3o de uma vis\u00e3o hol\u00edstica da \u00e9tica no futuros profissionais da Engenharia, \u201cpara viabilizar o comportamento \u00e9tico ao longo da sua vida profissional e pessoal, evitando a esquizofrenia \u00e9tica e buscando a integridade\u201d, afirmou.<\/p>\n<p>Sandra tamb\u00e9m comentou sobre o desafio dessa tarefa, considerando que a \u00e9tica \u00e9 um tema muito importante, por\u00e9m complexo. \u201cPorque ela \u00e9 incomensur\u00e1vel, voc\u00ea n\u00e3o pode pegar uma rega e simplesmente medi-la\u201d, disse, acrescentando: \u201cA Academia tenta dar uma estrutura para o pensamento, tamb\u00e9m nas abordagens da filosofia moral, para os alunos tomarem as decis\u00f5es de forma mais consciente e debater quais o desafios associados\u201d.<\/p>\n<p><img decoding=\"async\" class=\"wp-image-17983 alignright\" src=\"https:\/\/creapb.org.br\/site\/wp-content\/uploads\/2021\/05\/SANDRA-MORIOKA-2-1024x576.png\" alt=\"\" width=\"393\" height=\"221\" srcset=\"https:\/\/creapb.org.br\/site\/wp-content\/uploads\/2021\/05\/SANDRA-MORIOKA-2-1024x576.png 1024w, https:\/\/creapb.org.br\/site\/wp-content\/uploads\/2021\/05\/SANDRA-MORIOKA-2-300x169.png 300w, https:\/\/creapb.org.br\/site\/wp-content\/uploads\/2021\/05\/SANDRA-MORIOKA-2-768x432.png 768w, https:\/\/creapb.org.br\/site\/wp-content\/uploads\/2021\/05\/SANDRA-MORIOKA-2.png 1366w\" sizes=\"(max-width: 393px) 100vw, 393px\" \/><\/p>\n<p>O engenheiro civil Jos\u00e9 Carlos Martins, por sua vez, compartilhou sua experi\u00eancia na Presid\u00eancia da C\u00e2mara Brasileira da Ind\u00fastria da Constru\u00e7\u00e3o Civil (CBIC) com rela\u00e7\u00e3o \u00e0s iniciativas da institui\u00e7\u00e3o para a promo\u00e7\u00e3o da \u00e9tica. \u201cPercebemos que o assunto \u00e9tica era usado apenas para fazer compliance. N\u00f3s resolvemos entrar na CBIC e mudar essa cultura, mostrando que n\u00f3s estamos em um novo momento\u201d, comentou.<\/p>\n<p>Segundo Martins, as iniciativas foram muito salutares e demonstraram que a \u00e9tica contribui para a efici\u00eancia e competitividade de uma empresa. \u201cN\u00f3s participamos de f\u00f3runs e eventos levando a import\u00e2ncia disso para as organiza\u00e7\u00f5es, demonstrando que elas s\u00f3 ser\u00e3o eficientes e competitivas no momento em que tiverem um padr\u00e3o \u00e9tico que permita com que ela flua sem grandes estruturas de controle\u201d.<\/p>\n<p><img loading=\"lazy\" decoding=\"async\" class=\"wp-image-17984  alignleft\" src=\"https:\/\/creapb.org.br\/site\/wp-content\/uploads\/2021\/05\/MARTINS-3-1024x576.png\" alt=\"\" width=\"394\" height=\"222\" srcset=\"https:\/\/creapb.org.br\/site\/wp-content\/uploads\/2021\/05\/MARTINS-3-1024x576.png 1024w, https:\/\/creapb.org.br\/site\/wp-content\/uploads\/2021\/05\/MARTINS-3-300x169.png 300w, https:\/\/creapb.org.br\/site\/wp-content\/uploads\/2021\/05\/MARTINS-3-768x432.png 768w, https:\/\/creapb.org.br\/site\/wp-content\/uploads\/2021\/05\/MARTINS-3.png 1366w\" sizes=\"(max-width: 394px) 100vw, 394px\" \/><\/p>\n<p>O ex-secret\u00e1rio de Transportes do Distrito Federal e ex-presidente do Conselho Federal de Engenharia e Agronomia (Confea), eng. civil Henrique Luduvice, concluiu as exposi\u00e7\u00f5es dos painelistas com uma abordagem abrangente sobre a \u00e9tica no contexto das profiss\u00f5es da \u00e1rea tecnol\u00f3gica. Ele lembrou o juramento que os profissionais fazem na cerim\u00f4nia de formatura, e citou o trecho \u201cPrometo exercer minha profiss\u00e3o fiel aos preceitos de sua \u00e9tica, com firmeza e honestidade de prop\u00f3sito&#8230;\u201d.<\/p>\n<p>Luduvice argumentou que \u00e9 necess\u00e1rio que todos revisitem conceitos est\u00e3o hoje na demanda mundial. \u201cOu seja, h\u00e1 necessidade de se respeitar conceitos \u00e9ticos voltados para a integridade, legalidade, sustentabilidade, transpar\u00eancia, profissionalismo. N\u00e3o podemos exercer a profiss\u00e3o sem efetivamente respeitar a dignidade humana e as pessoas. S\u00e3o conceitos importantes que perpassam as diversas institui\u00e7\u00f5es e os meios de neg\u00f3cio estabelecidos no planeta\u201d, disse.<\/p>\n<p><img loading=\"lazy\" decoding=\"async\" class=\"wp-image-17985 aligncenter\" src=\"https:\/\/creapb.org.br\/site\/wp-content\/uploads\/2021\/05\/LUDUVICE-3-1024x576.png\" alt=\"\" width=\"393\" height=\"221\" srcset=\"https:\/\/creapb.org.br\/site\/wp-content\/uploads\/2021\/05\/LUDUVICE-3-1024x576.png 1024w, https:\/\/creapb.org.br\/site\/wp-content\/uploads\/2021\/05\/LUDUVICE-3-300x169.png 300w, https:\/\/creapb.org.br\/site\/wp-content\/uploads\/2021\/05\/LUDUVICE-3-768x432.png 768w, https:\/\/creapb.org.br\/site\/wp-content\/uploads\/2021\/05\/LUDUVICE-3.png 1366w\" sizes=\"(max-width: 393px) 100vw, 393px\" \/><\/p>\n<p>A pr\u00f3xima live acontecer\u00e1 na quinta-feira, 20 de maio, \u00e0s 19h, no canal do youtube do Crea-PB. O tema ser\u00e1 \u201c\u00c9tica na Ci\u00eancia, Tecnologia e Inova\u00e7\u00e3o\u201d. Todas as grava\u00e7\u00f5es\u00a0 das transmiss\u00f5es ficar\u00e3o dispon\u00edveis no canal do Conselho.<\/p>\n<p>&nbsp;<\/p>\n<p>Jorn. Grazielle Uch\u00f4a &#8211; Assessoria de Comunica\u00e7\u00e3o do Crea-PB<\/p>\n","protected":false},"excerpt":{"rendered":"<p>Nessa quinta-feira (14), o Ciclo de Debates sobre \u00c9tica, que acontece todas as quintas-feiras do m\u00eas de maio, \u00a0teve como tema \u201cO Olhar da \u00c9tica na Engenharia\u201d, que atravessou o contexto da forma\u00e7\u00e3o dos novos profissionais, da gest\u00e3o ambiental, da ind\u00fastria da constru\u00e7\u00e3o civil, das licita\u00e7\u00f5es e muito mais. A coordenadora nacional de Comiss\u00f5es de \u00c9tica do Sistema Confea\/Crea e da Comiss\u00e3o de \u00c9tica do Crea-PB, Carmem Eleonora Amorim Soares, deu as boas vindas a todos os participantes e passou a palavra ao presidente do Crea-PB, Antonio Carlos de Arag\u00e3o, que cumprimentou todos os painelistas e internautas presentes no evento [&hellip;]<\/p>\n","protected":false},"author":2,"featured_media":17980,"comment_status":"open","ping_status":"open","sticky":false,"template":"","format":"standard","meta":{"_acf_changed":false,"footnotes":""},"categories":[9],"tags":[],"class_list":["post-17979","post","type-post","status-publish","format-standard","has-post-thumbnail","hentry","category-noticias"],"acf":[],"_links":{"self":[{"href":"https:\/\/creapb.org.br\/site\/wp-json\/wp\/v2\/posts\/17979","targetHints":{"allow":["GET"]}}],"collection":[{"href":"https:\/\/creapb.org.br\/site\/wp-json\/wp\/v2\/posts"}],"about":[{"href":"https:\/\/creapb.org.br\/site\/wp-json\/wp\/v2\/types\/post"}],"author":[{"embeddable":true,"href":"https:\/\/creapb.org.br\/site\/wp-json\/wp\/v2\/users\/2"}],"replies":[{"embeddable":true,"href":"https:\/\/creapb.org.br\/site\/wp-json\/wp\/v2\/comments?post=17979"}],"version-history":[{"count":2,"href":"https:\/\/creapb.org.br\/site\/wp-json\/wp\/v2\/posts\/17979\/revisions"}],"predecessor-version":[{"id":17987,"href":"https:\/\/creapb.org.br\/site\/wp-json\/wp\/v2\/posts\/17979\/revisions\/17987"}],"wp:featuredmedia":[{"embeddable":true,"href":"https:\/\/creapb.org.br\/site\/wp-json\/wp\/v2\/media\/17980"}],"wp:attachment":[{"href":"https:\/\/creapb.org.br\/site\/wp-json\/wp\/v2\/media?parent=17979"}],"wp:term":[{"taxonomy":"category","embeddable":true,"href":"https:\/\/creapb.org.br\/site\/wp-json\/wp\/v2\/categories?post=17979"},{"taxonomy":"post_tag","embeddable":true,"href":"https:\/\/creapb.org.br\/site\/wp-json\/wp\/v2\/tags?post=17979"}],"curies":[{"name":"wp","href":"https:\/\/api.w.org\/{rel}","templated":true}]}}