{"id":17988,"date":"2021-05-19T11:58:55","date_gmt":"2021-05-19T14:58:55","guid":{"rendered":"http:\/\/creapb.org.br\/?p=17988"},"modified":"2021-05-19T11:58:55","modified_gmt":"2021-05-19T14:58:55","slug":"live-sobre-etica-na-ciencia-tecnologia-e-inovacao-acontece-nesta-quinta-feira19","status":"publish","type":"post","link":"https:\/\/creapb.org.br\/site\/live-sobre-etica-na-ciencia-tecnologia-e-inovacao-acontece-nesta-quinta-feira19\/","title":{"rendered":"Live sobre \u00c9tica na Ci\u00eancia, Tecnologia e Inova\u00e7\u00e3o acontece nesta quinta-feira(19)"},"content":{"rendered":"<p><img fetchpriority=\"high\" decoding=\"async\" class=\"wp-image-17990 alignright\" src=\"https:\/\/creapb.org.br\/site\/wp-content\/uploads\/2021\/05\/WhatsApp-Image-2021-05-18-at-11.36.37-1-819x1024.jpeg\" alt=\"\" width=\"453\" height=\"566\" srcset=\"https:\/\/creapb.org.br\/site\/wp-content\/uploads\/2021\/05\/WhatsApp-Image-2021-05-18-at-11.36.37-1-819x1024.jpeg 819w, https:\/\/creapb.org.br\/site\/wp-content\/uploads\/2021\/05\/WhatsApp-Image-2021-05-18-at-11.36.37-1-240x300.jpeg 240w, https:\/\/creapb.org.br\/site\/wp-content\/uploads\/2021\/05\/WhatsApp-Image-2021-05-18-at-11.36.37-1-768x960.jpeg 768w, https:\/\/creapb.org.br\/site\/wp-content\/uploads\/2021\/05\/WhatsApp-Image-2021-05-18-at-11.36.37-1.jpeg 1024w\" sizes=\"(max-width: 453px) 100vw, 453px\" \/><\/p>\n<p>&nbsp;<\/p>\n<p>Nesta quinta-feira (20), acontece a terceira live do Ciclo de Debates sobre \u00c9tica, promovido pelo Crea-PB no m\u00eas do maio. Desta vez, grandes profissionais debatem a \u00c9tica na Ci\u00eancia, Tecnologia e Inova\u00e7\u00e3o. A transmiss\u00e3o acontece no canal do Youtube do Crea-PB, a partir das 19h.<\/p>\n<p>Ser\u00e3o painelistas o Eng. Agr. Roberto Germano Costa (FAPESQ), o Professor Marcos Formiga (UNB), o Eng. Civil Andr\u00e9 Agra (TCE) e a Designer Maysa Gadelha (CoopNatural). A Eng\u00aa Civil Carmem Eleon\u00f4ra Amorim, coordenadora nacional das Comiss\u00f5es de \u00c9tica do Sistema Confea\/Crea, far\u00e1 a media\u00e7\u00e3o do debate.<\/p>\n<p>Durante todo o m\u00eas de maio, \u00e0s quintas-feiras, o Crea-PB promove ciclos de debates sobre \u00e9tica no seu canal do Youtube.<\/p>\n<p>Maio foi o m\u00eas escolhido porque em 2 de maio comemora-se o Dia Nacional da \u00c9tica, uma data para lembrar a import\u00e2ncia dos c\u00f3digos, que trazem os princ\u00edpios b\u00e1sicos da boa conduta de agentes p\u00fablicos e privados. Na engenharia, a \u00e9tica permeia\u00a0todas as tomadas de decis\u00f5es em projetos ou em servi\u00e7os realizados por seus profissionais. Zelar pela seguran\u00e7a, sa\u00fade e bem-estar das pessoas durante a execu\u00e7\u00e3o das tarefas profissionais e realizar servi\u00e7os apenas nas \u00e1reas de sua compet\u00eancia s\u00e3o alguns dos exemplos mais evidentes.<\/p>\n<p>O evento \u00e9 gratuito, ao vivo e todas as lives ficar\u00e3o gravadas no canal do youtube.<\/p>\n<p>&nbsp;<\/p>\n","protected":false},"excerpt":{"rendered":"<p>&nbsp; Nesta quinta-feira (20), acontece a terceira live do Ciclo de Debates sobre \u00c9tica, promovido pelo Crea-PB no m\u00eas do maio. Desta vez, grandes profissionais debatem a \u00c9tica na Ci\u00eancia, Tecnologia e Inova\u00e7\u00e3o. A transmiss\u00e3o acontece no canal do Youtube do Crea-PB, a partir das 19h. Ser\u00e3o painelistas o Eng. Agr. Roberto Germano Costa (FAPESQ), o Professor Marcos Formiga (UNB), o Eng. Civil Andr\u00e9 Agra (TCE) e a Designer Maysa Gadelha (CoopNatural). A Eng\u00aa Civil Carmem Eleon\u00f4ra Amorim, coordenadora nacional das Comiss\u00f5es de \u00c9tica do Sistema Confea\/Crea, far\u00e1 a media\u00e7\u00e3o do debate. Durante todo o m\u00eas de maio, \u00e0s quintas-feiras, [&hellip;]<\/p>\n","protected":false},"author":2,"featured_media":17990,"comment_status":"open","ping_status":"open","sticky":false,"template":"","format":"standard","meta":{"_acf_changed":false,"footnotes":""},"categories":[9],"tags":[],"class_list":["post-17988","post","type-post","status-publish","format-standard","has-post-thumbnail","hentry","category-noticias"],"acf":[],"_links":{"self":[{"href":"https:\/\/creapb.org.br\/site\/wp-json\/wp\/v2\/posts\/17988","targetHints":{"allow":["GET"]}}],"collection":[{"href":"https:\/\/creapb.org.br\/site\/wp-json\/wp\/v2\/posts"}],"about":[{"href":"https:\/\/creapb.org.br\/site\/wp-json\/wp\/v2\/types\/post"}],"author":[{"embeddable":true,"href":"https:\/\/creapb.org.br\/site\/wp-json\/wp\/v2\/users\/2"}],"replies":[{"embeddable":true,"href":"https:\/\/creapb.org.br\/site\/wp-json\/wp\/v2\/comments?post=17988"}],"version-history":[{"count":1,"href":"https:\/\/creapb.org.br\/site\/wp-json\/wp\/v2\/posts\/17988\/revisions"}],"predecessor-version":[{"id":17991,"href":"https:\/\/creapb.org.br\/site\/wp-json\/wp\/v2\/posts\/17988\/revisions\/17991"}],"wp:featuredmedia":[{"embeddable":true,"href":"https:\/\/creapb.org.br\/site\/wp-json\/wp\/v2\/media\/17990"}],"wp:attachment":[{"href":"https:\/\/creapb.org.br\/site\/wp-json\/wp\/v2\/media?parent=17988"}],"wp:term":[{"taxonomy":"category","embeddable":true,"href":"https:\/\/creapb.org.br\/site\/wp-json\/wp\/v2\/categories?post=17988"},{"taxonomy":"post_tag","embeddable":true,"href":"https:\/\/creapb.org.br\/site\/wp-json\/wp\/v2\/tags?post=17988"}],"curies":[{"name":"wp","href":"https:\/\/api.w.org\/{rel}","templated":true}]}}