{"id":18020,"date":"2021-05-25T18:43:48","date_gmt":"2021-05-25T21:43:48","guid":{"rendered":"http:\/\/creapb.org.br\/?p=18020"},"modified":"2021-05-25T10:51:07","modified_gmt":"2021-05-25T13:51:07","slug":"ultima-live-do-ciclo-de-debates-sobre-etica-acontece-nesta-quinta-feira-27","status":"publish","type":"post","link":"https:\/\/creapb.org.br\/site\/ultima-live-do-ciclo-de-debates-sobre-etica-acontece-nesta-quinta-feira-27\/","title":{"rendered":"\u00daltima live do Ciclo de Debates sobre \u00c9tica acontece nesta quinta-feira (27)"},"content":{"rendered":"<p><img fetchpriority=\"high\" decoding=\"async\" class=\"wp-image-18022 alignright\" src=\"https:\/\/creapb.org.br\/site\/wp-content\/uploads\/2021\/05\/WhatsApp-Image-2021-05-25-at-10.12.34-1-819x1024.jpeg\" alt=\"\" width=\"550\" height=\"688\" srcset=\"https:\/\/creapb.org.br\/site\/wp-content\/uploads\/2021\/05\/WhatsApp-Image-2021-05-25-at-10.12.34-1-819x1024.jpeg 819w, https:\/\/creapb.org.br\/site\/wp-content\/uploads\/2021\/05\/WhatsApp-Image-2021-05-25-at-10.12.34-1-240x300.jpeg 240w, https:\/\/creapb.org.br\/site\/wp-content\/uploads\/2021\/05\/WhatsApp-Image-2021-05-25-at-10.12.34-1-768x960.jpeg 768w, https:\/\/creapb.org.br\/site\/wp-content\/uploads\/2021\/05\/WhatsApp-Image-2021-05-25-at-10.12.34-1.jpeg 1024w\" sizes=\"(max-width: 550px) 100vw, 550px\" \/><\/p>\n<p>&nbsp;<\/p>\n<p>Nesta quinta-feira (27), acontece a \u00faltima live\u00a0do Ciclo de Debates sobre \u00c9tica, realizado pelo Crea-PB em todas as quintas do m\u00eas de maio. Para encerrar o evento, ser\u00e1 debatida a \u00e9tica no contexto da pandemia global do novo coronav\u00edrus.<\/p>\n<p>Os convidados para este debate s\u00e3o o Sub-Procurador Geral da Rep\u00fablica, Luciano Mariz Maia, o Deputado estadual Raniery Paulino, a Diretora Nacional da M\u00fatua, Giuc\u00e9lia Figueiredo, e a coordenadora acad\u00eamica da UniNassau, Marli Melo. A media\u00e7\u00e3o ser\u00e1 da Engenheira civil Carmem Eleonora Amorim, coordenadora nacional das Comiss\u00f5es de \u00c9tica do Sistema Confea\/Crea.<\/p>\n<p>O evento online ser\u00e1 transmitido no canal do youtube do Crea-PB, a partir das 19h.<\/p>\n","protected":false},"excerpt":{"rendered":"<p>&nbsp; Nesta quinta-feira (27), acontece a \u00faltima live\u00a0do Ciclo de Debates sobre \u00c9tica, realizado pelo Crea-PB em todas as quintas do m\u00eas de maio. Para encerrar o evento, ser\u00e1 debatida a \u00e9tica no contexto da pandemia global do novo coronav\u00edrus. Os convidados para este debate s\u00e3o o Sub-Procurador Geral da Rep\u00fablica, Luciano Mariz Maia, o Deputado estadual Raniery Paulino, a Diretora Nacional da M\u00fatua, Giuc\u00e9lia Figueiredo, e a coordenadora acad\u00eamica da UniNassau, Marli Melo. A media\u00e7\u00e3o ser\u00e1 da Engenheira civil Carmem Eleonora Amorim, coordenadora nacional das Comiss\u00f5es de \u00c9tica do Sistema Confea\/Crea. O evento online ser\u00e1 transmitido no canal do [&hellip;]<\/p>\n","protected":false},"author":2,"featured_media":18022,"comment_status":"open","ping_status":"open","sticky":false,"template":"","format":"standard","meta":{"_acf_changed":false,"footnotes":""},"categories":[9],"tags":[],"class_list":["post-18020","post","type-post","status-publish","format-standard","has-post-thumbnail","hentry","category-noticias"],"acf":[],"_links":{"self":[{"href":"https:\/\/creapb.org.br\/site\/wp-json\/wp\/v2\/posts\/18020","targetHints":{"allow":["GET"]}}],"collection":[{"href":"https:\/\/creapb.org.br\/site\/wp-json\/wp\/v2\/posts"}],"about":[{"href":"https:\/\/creapb.org.br\/site\/wp-json\/wp\/v2\/types\/post"}],"author":[{"embeddable":true,"href":"https:\/\/creapb.org.br\/site\/wp-json\/wp\/v2\/users\/2"}],"replies":[{"embeddable":true,"href":"https:\/\/creapb.org.br\/site\/wp-json\/wp\/v2\/comments?post=18020"}],"version-history":[{"count":1,"href":"https:\/\/creapb.org.br\/site\/wp-json\/wp\/v2\/posts\/18020\/revisions"}],"predecessor-version":[{"id":18023,"href":"https:\/\/creapb.org.br\/site\/wp-json\/wp\/v2\/posts\/18020\/revisions\/18023"}],"wp:featuredmedia":[{"embeddable":true,"href":"https:\/\/creapb.org.br\/site\/wp-json\/wp\/v2\/media\/18022"}],"wp:attachment":[{"href":"https:\/\/creapb.org.br\/site\/wp-json\/wp\/v2\/media?parent=18020"}],"wp:term":[{"taxonomy":"category","embeddable":true,"href":"https:\/\/creapb.org.br\/site\/wp-json\/wp\/v2\/categories?post=18020"},{"taxonomy":"post_tag","embeddable":true,"href":"https:\/\/creapb.org.br\/site\/wp-json\/wp\/v2\/tags?post=18020"}],"curies":[{"name":"wp","href":"https:\/\/api.w.org\/{rel}","templated":true}]}}