{"id":18027,"date":"2021-05-28T10:58:04","date_gmt":"2021-05-28T13:58:04","guid":{"rendered":"http:\/\/creapb.org.br\/?p=18027"},"modified":"2021-05-28T12:28:38","modified_gmt":"2021-05-28T15:28:38","slug":"ciclo-de-debates-sobre-etica-e-encerrado-com-live-que-teve-a-solidariedade-e-a-pandemia-como-foco","status":"publish","type":"post","link":"https:\/\/creapb.org.br\/site\/ciclo-de-debates-sobre-etica-e-encerrado-com-live-que-teve-a-solidariedade-e-a-pandemia-como-foco\/","title":{"rendered":"Ciclo de Debates sobre \u00c9tica \u00e9 encerrado com live que teve a solidariedade e a pandemia como foco"},"content":{"rendered":"<p>\u00c9tica em tempo de pandemia foi o tema da \u00faltima live do Ciclo de Debates sobre \u00c9tica, promovido pelo Crea-PB, que levou debates sobre \u00e9tica ao canal do Youtube da institui\u00e7\u00e3o todas as quintas-feiras do m\u00eas de maio.<\/p>\n<p><img fetchpriority=\"high\" decoding=\"async\" class=\"aligncenter wp-image-18029\" src=\"https:\/\/creapb.org.br\/site\/wp-content\/uploads\/2021\/05\/IMG-20210528-WA0007-1024x526.jpg\" alt=\"\" width=\"600\" height=\"308\" srcset=\"https:\/\/creapb.org.br\/site\/wp-content\/uploads\/2021\/05\/IMG-20210528-WA0007-1024x526.jpg 1024w, https:\/\/creapb.org.br\/site\/wp-content\/uploads\/2021\/05\/IMG-20210528-WA0007-300x154.jpg 300w, https:\/\/creapb.org.br\/site\/wp-content\/uploads\/2021\/05\/IMG-20210528-WA0007-768x395.jpg 768w, https:\/\/creapb.org.br\/site\/wp-content\/uploads\/2021\/05\/IMG-20210528-WA0007.jpg 1280w\" sizes=\"(max-width: 600px) 100vw, 600px\" \/><\/p>\n<p>A live desta quinta-feira (27) foi aberta pelo presidente do Crea-PB, Ant\u00f4nio Carlos Arag\u00e3o, que al\u00e9m de cumprimentar todos os participantes, aproveitou a ocasi\u00e3o para parabenizar a engenheira agr\u00f4noma Giuc\u00e9lia Figueiredo pela sua reelei\u00e7\u00e3o para a diretoria nacional da M\u00fatua. Ele tamb\u00e9m falou da import\u00e2ncia da \u00e9tica &#8221;n\u00e3o s\u00f3 profissional, mas no modo de agir e de viver&#8221;.<\/p>\n<p>A coordenadora nacional das Comiss\u00f5es de \u00c9tica do Sistema Confea\/Crea e da Comiss\u00e3o de \u00c9tica do Crea-PB, Carmem Eleonora Amorim Soares, apresentou um breve curr\u00edculo de todos os participantes, que, um a um, falaram das suas impress\u00f5es sobre o tema.<\/p>\n<p>O subprocurador geral da Rep\u00fablica, Luciano Mariz Maia, foi o primeiro a falar e destacou a &#8221;imensid\u00e3o de oportunidades de transforma\u00e7\u00f5es do mundo que a engenharia permite&#8221;. Ele lembrou que s\u00e3o as engenharias que permitem a comunica\u00e7\u00e3o durante a pandemia, possibilitando inclusive a realiza\u00e7\u00e3o das lives.<\/p>\n<p><img decoding=\"async\" class=\"aligncenter wp-image-18030\" src=\"https:\/\/creapb.org.br\/site\/wp-content\/uploads\/2021\/05\/IMG-20210528-WA0006.jpg\" alt=\"\" width=\"600\" height=\"312\" srcset=\"https:\/\/creapb.org.br\/site\/wp-content\/uploads\/2021\/05\/IMG-20210528-WA0006.jpg 1280w, https:\/\/creapb.org.br\/site\/wp-content\/uploads\/2021\/05\/IMG-20210528-WA0006-300x156.jpg 300w, https:\/\/creapb.org.br\/site\/wp-content\/uploads\/2021\/05\/IMG-20210528-WA0006-768x400.jpg 768w, https:\/\/creapb.org.br\/site\/wp-content\/uploads\/2021\/05\/IMG-20210528-WA0006-1024x533.jpg 1024w\" sizes=\"(max-width: 600px) 100vw, 600px\" \/><\/p>\n<p>Entrando na seara da \u00e9tica, Luciano Mariz Maia falou sobre a import\u00e2ncia da solidariedade na pandemia, e sobre compartilhar o que se tem e que falta ao outro. &#8221;O olhar coletivo \u00e9 que pode fazer a diferen\u00e7a&#8221;, disse. &#8221;Temos que ter a compaix\u00e3o de entender que estamos todos sob a mesma tempestade, mas em barcos distintos. Muitos est\u00e3o afundando, muitos est\u00e3o \u00e0 deriva&#8221;, argumentou em outro momento.<\/p>\n<p><img decoding=\"async\" class=\"aligncenter wp-image-18031\" src=\"https:\/\/creapb.org.br\/site\/wp-content\/uploads\/2021\/05\/IMG-20210528-WA0005.jpg\" alt=\"\" width=\"600\" height=\"326\" srcset=\"https:\/\/creapb.org.br\/site\/wp-content\/uploads\/2021\/05\/IMG-20210528-WA0005.jpg 1280w, https:\/\/creapb.org.br\/site\/wp-content\/uploads\/2021\/05\/IMG-20210528-WA0005-300x163.jpg 300w, https:\/\/creapb.org.br\/site\/wp-content\/uploads\/2021\/05\/IMG-20210528-WA0005-768x418.jpg 768w, https:\/\/creapb.org.br\/site\/wp-content\/uploads\/2021\/05\/IMG-20210528-WA0005-1024x557.jpg 1024w\" sizes=\"(max-width: 600px) 100vw, 600px\" \/><\/p>\n<p>A solidariedade acabou se tornando o tema central do debate. Ela tamb\u00e9m entrou na fala da coordenadora acad\u00eamica das engenharias da Uninassau, Marli Melo, que fez sua exposi\u00e7\u00e3o em seguida.<\/p>\n<p>&#8221;Muitas vezes a gente acha que a \u00e9tica \u00e9 individual, mas n\u00e3o \u00e9&#8221;. Marli Melo tamb\u00e9m usou a honestidade, responsabilidade, sigilo e empatia como exemplos de condutas \u00e9ticas. Para ela, nessa pandemia, as pessoas ter\u00e3o que rever suas pr\u00e1ticas, mantendo apenas as que s\u00e3o consideradas boas.<\/p>\n<p><img loading=\"lazy\" decoding=\"async\" class=\"aligncenter wp-image-18032\" src=\"https:\/\/creapb.org.br\/site\/wp-content\/uploads\/2021\/05\/IMG-20210528-WA0008.jpg\" alt=\"\" width=\"600\" height=\"315\" srcset=\"https:\/\/creapb.org.br\/site\/wp-content\/uploads\/2021\/05\/IMG-20210528-WA0008.jpg 1280w, https:\/\/creapb.org.br\/site\/wp-content\/uploads\/2021\/05\/IMG-20210528-WA0008-300x158.jpg 300w, https:\/\/creapb.org.br\/site\/wp-content\/uploads\/2021\/05\/IMG-20210528-WA0008-768x403.jpg 768w, https:\/\/creapb.org.br\/site\/wp-content\/uploads\/2021\/05\/IMG-20210528-WA0008-1024x538.jpg 1024w\" sizes=\"(max-width: 600px) 100vw, 600px\" \/><\/p>\n<p>A diretora nacional da M\u00fatua, Giuc\u00e9lia Figueiredo, contou que assistiu a todas as lives anteriores. &#8221;Observei que todas as abordagens t\u00eam um fio condutor, que a \u00e9tica tem que estar sempre subordinada aos interesses coletivos&#8221;, afirmou.<\/p>\n<p>Giuc\u00e9lia disse querer acreditar que, ao final da pandemia, teremos uma sociedade mais solid\u00e1ria e destacou que se preocupa tamb\u00e9m com a fome. &#8221;O grande elemento da salva\u00e7\u00e3o \u00e9 a solidariedade humana. N\u00f3s temos que ter a vacina, a ci\u00eancia, a tecnologia, as pol\u00edticas p\u00fablicas, mas tamb\u00e9m a solidariedade. N\u00e3o basta eu me cuidar, eu tamb\u00e9m tenho que cuidar do outro. Para mim, isso ser\u00e1 o grande exerc\u00edcio \u00e9tico da humanidade&#8221;, comentou.<\/p>\n<p><img loading=\"lazy\" decoding=\"async\" class=\"aligncenter wp-image-18033\" src=\"https:\/\/creapb.org.br\/site\/wp-content\/uploads\/2021\/05\/IMG-20210528-WA0009.jpg\" alt=\"\" width=\"600\" height=\"312\" srcset=\"https:\/\/creapb.org.br\/site\/wp-content\/uploads\/2021\/05\/IMG-20210528-WA0009.jpg 1280w, https:\/\/creapb.org.br\/site\/wp-content\/uploads\/2021\/05\/IMG-20210528-WA0009-300x156.jpg 300w, https:\/\/creapb.org.br\/site\/wp-content\/uploads\/2021\/05\/IMG-20210528-WA0009-768x399.jpg 768w, https:\/\/creapb.org.br\/site\/wp-content\/uploads\/2021\/05\/IMG-20210528-WA0009-1024x532.jpg 1024w\" sizes=\"(max-width: 600px) 100vw, 600px\" \/><\/p>\n<p>Acompanhando o racioc\u00ednio dos outros participantes, o deputado estadual Raniery Paulino opinou que solidariedade \u00e9 a palavra mais bonita do dicion\u00e1rio, mas \u00e9 preciso que n\u00e3o fique s\u00f3 na palavra, mas tamb\u00e9m na viv\u00eancia. Ele lembrou que, mesmo em isolamento social, ningu\u00e9m \u00e9 autossuficiente, e tamb\u00e9m trouxe \u00e0 tona o tema da sa\u00fade mental. &#8221;N\u00f3s temos uma nova pandemia chegando, que \u00e9 a da sa\u00fade mental&#8221;, diss<\/p>\n<p>&nbsp;<\/p>\n<p><strong>Debate<\/strong><\/p>\n<p>Ap\u00f3s as exposi\u00e7\u00f5es iniciais foi iniciada a etapa de perguntas e respostas, com participa\u00e7\u00e3o do p\u00fablico. O primeiro questionamento veio da pr\u00f3pria moderadora, Carmem Eleonora, que pediu ao deputado Raniery Paulino para falar sobre a Lei da Ficha Limpa idealizada por ele na Para\u00edba. Raniery explicou que, enquanto a legisla\u00e7\u00e3o nacional n\u00e3o permite a candidatura de pol\u00edticos considerados &#8216;ficha suja&#8217;, a lei estadual veta que esses mesmos pol\u00edticos assumam cargos p\u00fablicos que envolvam ordenamento de despesa<\/p>\n<p>J\u00e1 Luciano Mariz foi questionado sobre a atua\u00e7\u00e3o de procuradores da Opera\u00e7\u00e3o\u00a0 Lava Jato. &#8221;Em qualquer lugar, quando voc\u00ea perde a institucionalidade e o personalismo cresce, voc\u00ea tem um problema&#8221;, respondeu ele.<\/p>\n<p>O v\u00eddeo com a grava\u00e7\u00e3o do debate ficar\u00e1 dispon\u00edvel no Youtube do Crea-PB.<\/p>\n<p>&nbsp;<\/p>\n<p>&nbsp;<\/p>\n<p>*B\u00e1rbara Wanderley (colabora\u00e7\u00e3o para a Assessoria de Comunica\u00e7\u00e3o do Crea-PB)<\/p>\n","protected":false},"excerpt":{"rendered":"<p>\u00c9tica em tempo de pandemia foi o tema da \u00faltima live do Ciclo de Debates sobre \u00c9tica, promovido pelo Crea-PB, que levou debates sobre \u00e9tica ao canal do Youtube da institui\u00e7\u00e3o todas as quintas-feiras do m\u00eas de maio. A live desta quinta-feira (27) foi aberta pelo presidente do Crea-PB, Ant\u00f4nio Carlos Arag\u00e3o, que al\u00e9m de cumprimentar todos os participantes, aproveitou a ocasi\u00e3o para parabenizar a engenheira agr\u00f4noma Giuc\u00e9lia Figueiredo pela sua reelei\u00e7\u00e3o para a diretoria nacional da M\u00fatua. Ele tamb\u00e9m falou da import\u00e2ncia da \u00e9tica &#8221;n\u00e3o s\u00f3 profissional, mas no modo de agir e de viver&#8221;. A coordenadora nacional das [&hellip;]<\/p>\n","protected":false},"author":2,"featured_media":18035,"comment_status":"open","ping_status":"open","sticky":false,"template":"","format":"standard","meta":{"_acf_changed":false,"footnotes":""},"categories":[9],"tags":[],"class_list":["post-18027","post","type-post","status-publish","format-standard","has-post-thumbnail","hentry","category-noticias"],"acf":[],"_links":{"self":[{"href":"https:\/\/creapb.org.br\/site\/wp-json\/wp\/v2\/posts\/18027","targetHints":{"allow":["GET"]}}],"collection":[{"href":"https:\/\/creapb.org.br\/site\/wp-json\/wp\/v2\/posts"}],"about":[{"href":"https:\/\/creapb.org.br\/site\/wp-json\/wp\/v2\/types\/post"}],"author":[{"embeddable":true,"href":"https:\/\/creapb.org.br\/site\/wp-json\/wp\/v2\/users\/2"}],"replies":[{"embeddable":true,"href":"https:\/\/creapb.org.br\/site\/wp-json\/wp\/v2\/comments?post=18027"}],"version-history":[{"count":2,"href":"https:\/\/creapb.org.br\/site\/wp-json\/wp\/v2\/posts\/18027\/revisions"}],"predecessor-version":[{"id":18034,"href":"https:\/\/creapb.org.br\/site\/wp-json\/wp\/v2\/posts\/18027\/revisions\/18034"}],"wp:featuredmedia":[{"embeddable":true,"href":"https:\/\/creapb.org.br\/site\/wp-json\/wp\/v2\/media\/18035"}],"wp:attachment":[{"href":"https:\/\/creapb.org.br\/site\/wp-json\/wp\/v2\/media?parent=18027"}],"wp:term":[{"taxonomy":"category","embeddable":true,"href":"https:\/\/creapb.org.br\/site\/wp-json\/wp\/v2\/categories?post=18027"},{"taxonomy":"post_tag","embeddable":true,"href":"https:\/\/creapb.org.br\/site\/wp-json\/wp\/v2\/tags?post=18027"}],"curies":[{"name":"wp","href":"https:\/\/api.w.org\/{rel}","templated":true}]}}