{"id":18050,"date":"2021-07-05T14:58:10","date_gmt":"2021-07-05T17:58:10","guid":{"rendered":"http:\/\/creapb.org.br\/?p=18050"},"modified":"2021-07-05T14:58:10","modified_gmt":"2021-07-05T17:58:10","slug":"crea-pb-assina-termo-de-cooperacao-com-prefeitura-municipal-de-joao-pessoa","status":"publish","type":"post","link":"https:\/\/creapb.org.br\/site\/crea-pb-assina-termo-de-cooperacao-com-prefeitura-municipal-de-joao-pessoa\/","title":{"rendered":"Crea-PB assina Termo de Coopera\u00e7\u00e3o com Prefeitura Municipal de Jo\u00e3o Pessoa"},"content":{"rendered":"<div class=\"\">\n<p><img fetchpriority=\"high\" decoding=\"async\" class=\"wp-image-18051 aligncenter\" src=\"https:\/\/creapb.org.br\/site\/wp-content\/uploads\/2021\/07\/MG_5616-4-1024x683.jpg\" alt=\"\" width=\"529\" height=\"353\" srcset=\"https:\/\/creapb.org.br\/site\/wp-content\/uploads\/2021\/07\/MG_5616-4-1024x683.jpg 1024w, https:\/\/creapb.org.br\/site\/wp-content\/uploads\/2021\/07\/MG_5616-4-300x200.jpg 300w, https:\/\/creapb.org.br\/site\/wp-content\/uploads\/2021\/07\/MG_5616-4-768x512.jpg 768w\" sizes=\"(max-width: 529px) 100vw, 529px\" \/><\/p>\n<p>Na manh\u00e3 desta segunda-feira (05), o presidente do Crea-PB, Antonio Carlos de Arag\u00e3o, se reuniu com o prefeito de Jo\u00e3o Pessoa, C\u00edcero Lucena.\u00a0O encontro aconteceu no Centro Administrativo Municipal (CAM), em \u00c1gua Fria, e foi oportunidade da assinatura de um termo de coopera\u00e7\u00e3o entre a Prefeitura de Jo\u00e3o Pessoa e o Conselho.<\/p>\n<p>\u201c\u00c9 importante termos um \u00f3rg\u00e3o que acompanha e fiscaliza, que \u00e9 o Crea, como um parceiro. Vamos trabalhar juntos com o objetivo de fazer cumprir a legisla\u00e7\u00e3o, melhor acompanhar as obras da cidade, trocando informa\u00e7\u00f5es de forma a levar mais transpar\u00eancia e seguran\u00e7a para a sociedade\u201d, declarou o prefeito.<\/p>\n<p>O documento assinado \u00e9 amplo e prev\u00ea um apoio m\u00fatuo em benef\u00edcio da popula\u00e7\u00e3o. Entre as a\u00e7\u00f5es previstas est\u00e3o a troca de dados e informa\u00e7\u00f5es. \u201cO Crea deixa seu banco de dados \u00e0 disposi\u00e7\u00e3o da gest\u00e3o municipal para fiscaliza\u00e7\u00e3o ou outros servi\u00e7os, enquanto a Prefeitura abre seus dados de alvar\u00e1s. Outro vi\u00e9s \u00e9 a capacita\u00e7\u00e3o profissional por meio de cursos\u201d, explicou Arag\u00e3o.<\/p>\n<p>Ainda participou do encontro o secret\u00e1rio municipal do Planejamento, Jos\u00e9 William Montenegro.<\/p>\n<\/div>\n<p>&nbsp;<\/p>\n<p><em>*Com informa\u00e7\u00f5es da ASCOM PMJP<\/em><\/p>\n<ul class=\"list-group list-group-flush mt-5\">\n<li class=\"list-group-item px-0 analycts\">\n<p class=\"text-secondary\">Texto: Arthur Ara\u00fajo<br \/>\nEdi\u00e7\u00e3o: Andrea Alves<br \/>\nFotografia: S\u00e9rgio Lucena<\/p>\n<\/li>\n<\/ul>\n","protected":false},"excerpt":{"rendered":"<p>Na manh\u00e3 desta segunda-feira (05), o presidente do Crea-PB, Antonio Carlos de Arag\u00e3o, se reuniu com o prefeito de Jo\u00e3o Pessoa, C\u00edcero Lucena.\u00a0O encontro aconteceu no Centro Administrativo Municipal (CAM), em \u00c1gua Fria, e foi oportunidade da assinatura de um termo de coopera\u00e7\u00e3o entre a Prefeitura de Jo\u00e3o Pessoa e o Conselho. \u201c\u00c9 importante termos um \u00f3rg\u00e3o que acompanha e fiscaliza, que \u00e9 o Crea, como um parceiro. Vamos trabalhar juntos com o objetivo de fazer cumprir a legisla\u00e7\u00e3o, melhor acompanhar as obras da cidade, trocando informa\u00e7\u00f5es de forma a levar mais transpar\u00eancia e seguran\u00e7a para a sociedade\u201d, declarou o [&hellip;]<\/p>\n","protected":false},"author":2,"featured_media":18051,"comment_status":"open","ping_status":"open","sticky":false,"template":"","format":"standard","meta":{"_acf_changed":false,"footnotes":""},"categories":[9],"tags":[],"class_list":["post-18050","post","type-post","status-publish","format-standard","has-post-thumbnail","hentry","category-noticias"],"acf":[],"_links":{"self":[{"href":"https:\/\/creapb.org.br\/site\/wp-json\/wp\/v2\/posts\/18050","targetHints":{"allow":["GET"]}}],"collection":[{"href":"https:\/\/creapb.org.br\/site\/wp-json\/wp\/v2\/posts"}],"about":[{"href":"https:\/\/creapb.org.br\/site\/wp-json\/wp\/v2\/types\/post"}],"author":[{"embeddable":true,"href":"https:\/\/creapb.org.br\/site\/wp-json\/wp\/v2\/users\/2"}],"replies":[{"embeddable":true,"href":"https:\/\/creapb.org.br\/site\/wp-json\/wp\/v2\/comments?post=18050"}],"version-history":[{"count":1,"href":"https:\/\/creapb.org.br\/site\/wp-json\/wp\/v2\/posts\/18050\/revisions"}],"predecessor-version":[{"id":18053,"href":"https:\/\/creapb.org.br\/site\/wp-json\/wp\/v2\/posts\/18050\/revisions\/18053"}],"wp:featuredmedia":[{"embeddable":true,"href":"https:\/\/creapb.org.br\/site\/wp-json\/wp\/v2\/media\/18051"}],"wp:attachment":[{"href":"https:\/\/creapb.org.br\/site\/wp-json\/wp\/v2\/media?parent=18050"}],"wp:term":[{"taxonomy":"category","embeddable":true,"href":"https:\/\/creapb.org.br\/site\/wp-json\/wp\/v2\/categories?post=18050"},{"taxonomy":"post_tag","embeddable":true,"href":"https:\/\/creapb.org.br\/site\/wp-json\/wp\/v2\/tags?post=18050"}],"curies":[{"name":"wp","href":"https:\/\/api.w.org\/{rel}","templated":true}]}}