{"id":18065,"date":"2021-07-28T15:42:30","date_gmt":"2021-07-28T18:42:30","guid":{"rendered":"http:\/\/creapb.org.br\/?p=18065"},"modified":"2021-07-28T15:42:30","modified_gmt":"2021-07-28T18:42:30","slug":"ate-sexta-dia-30-e-o-prazo-maximo-para-pagamento-da-anuidade-2021","status":"publish","type":"post","link":"https:\/\/creapb.org.br\/site\/ate-sexta-dia-30-e-o-prazo-maximo-para-pagamento-da-anuidade-2021\/","title":{"rendered":"At\u00e9 sexta! Dia 30 \u00e9 o prazo m\u00e1ximo para pagamento da Anuidade 2021"},"content":{"rendered":"<p><img fetchpriority=\"high\" decoding=\"async\" class=\"wp-image-18066 alignright\" src=\"https:\/\/creapb.org.br\/site\/wp-content\/uploads\/2021\/07\/178048148_4228140373973435_6756148640502319524_n-1024x1024.png\" alt=\"\" width=\"527\" height=\"527\" srcset=\"https:\/\/creapb.org.br\/site\/wp-content\/uploads\/2021\/07\/178048148_4228140373973435_6756148640502319524_n-1024x1024.png 1024w, https:\/\/creapb.org.br\/site\/wp-content\/uploads\/2021\/07\/178048148_4228140373973435_6756148640502319524_n-150x150.png 150w, https:\/\/creapb.org.br\/site\/wp-content\/uploads\/2021\/07\/178048148_4228140373973435_6756148640502319524_n-300x300.png 300w, https:\/\/creapb.org.br\/site\/wp-content\/uploads\/2021\/07\/178048148_4228140373973435_6756148640502319524_n-768x768.png 768w, https:\/\/creapb.org.br\/site\/wp-content\/uploads\/2021\/07\/178048148_4228140373973435_6756148640502319524_n-115x115.png 115w, https:\/\/creapb.org.br\/site\/wp-content\/uploads\/2021\/07\/178048148_4228140373973435_6756148640502319524_n.png 1080w\" sizes=\"(max-width: 527px) 100vw, 527px\" \/><\/p>\n<p>Nesta sexta-feira (30), encerra-se o prazo para que as empresas e profissionais registrados no Crea-PB realizem o pagamento da Anuidade 2021 sem incid\u00eancias de multa e juros. O prazo inicial era 31 de mar\u00e7o, no entanto, em virtude da pandemia, o\u00a0plen\u00e1rio do Confea aprovou o adiamento dos prazos para o recolhimento das anuidades dos Creas (<a href=\"https:\/\/creapb.org.br\/site\/noticias\/plenario-aprova-adiamento-das-anuidades-dos-creas\/\">veja aqui<\/a>).<\/p>\n<p>Assim, a cota \u00fanica no valor integral definido para o exerc\u00edcio dever\u00e1 ser paga at\u00e9 30 de julho. At\u00e9 a mesma data, dever\u00e3o ser quitadas as parcelas iguais e sucessivas do valor integral definido para o exerc\u00edcio (em at\u00e9 cinco parcelas). Para os parcelamentos realizados (tamb\u00e9m em at\u00e9 cinco parcelas iguais e sucessivas) e para o pagamento em cota \u00fanica, a partir de 1\u00ba de agosto, incidir\u00e1 mora de 20% sobre o valor integral definido para o exerc\u00edcio.<\/p>\n<p>Desde a informatiza\u00e7\u00e3o dos servi\u00e7os do Crea-PB, al\u00e9m de receber a correspond\u00eancia em casa, tamb\u00e9m \u00e9 poss\u00edvel imprimir o boleto atrav\u00e9s do Ambiente Profissional do Sitac (<a href=\"https:\/\/servicos-crea-pb.sitac.com.br\/\">CLIQUE AQUI<\/a>) ou do APP Crea-PB para dispositivos m\u00f3veis (dispon\u00edvel para Android e iOS).<\/p>\n<p>As anuidades de 2021 foram fixadas\u00a0conforme Decis\u00e3o Plen\u00e1ria do Conselho Federal de Engenharia e Agronomia n\u00ba\u00a0PL-1642\/2020, e correspondem aos valores de R$\u00a0577,11 para n\u00edvel superior e de R$\u00a0288,55, para n\u00edvel m\u00e9dio. J\u00e1 para as empresas, os valores s\u00e3o determinados de acordo com o Capital Social, podendo variar de R$ 545,84 at\u00e9 R$\u00a04366,68.A tabela\u00a0 foi atualizada\u00a0sem reajustes, permanecendo os valores semelhantes ao exerc\u00edcio de 2020.<\/p>\n<h3><a href=\"https:\/\/servicos-crea-pb.sitac.com.br\/\">CLIQUE AQUI para gerar a guia de pagamento<\/a>. Tamb\u00e9m \u00e9 poss\u00edvel efetuar o parcelamento da anuidade.<\/h3>\n<h3><a href=\"https:\/\/creapb.org.br\/site\/anuidade\/\">CLIQUE AQUI para conferir a\u00a0Decis\u00e3o Plen\u00e1ria<\/a>\u00a0do Conselho Federal de Engenharia e Agronomia n\u00ba PL-1642\/2020<\/h3>\n<p>&nbsp;<\/p>\n<p>&nbsp;<\/p>\n<p><em>*Jornalista Grazielle Uch\u00f4a (Assessoria de Comunica\u00e7\u00e3o do Crea-PB)<\/em><\/p>\n<p>&nbsp;<\/p>\n","protected":false},"excerpt":{"rendered":"<p>Nesta sexta-feira (30), encerra-se o prazo para que as empresas e profissionais registrados no Crea-PB realizem o pagamento da Anuidade 2021 sem incid\u00eancias de multa e juros. O prazo inicial era 31 de mar\u00e7o, no entanto, em virtude da pandemia, o\u00a0plen\u00e1rio do Confea aprovou o adiamento dos prazos para o recolhimento das anuidades dos Creas (veja aqui). Assim, a cota \u00fanica no valor integral definido para o exerc\u00edcio dever\u00e1 ser paga at\u00e9 30 de julho. At\u00e9 a mesma data, dever\u00e3o ser quitadas as parcelas iguais e sucessivas do valor integral definido para o exerc\u00edcio (em at\u00e9 cinco parcelas). Para os [&hellip;]<\/p>\n","protected":false},"author":2,"featured_media":18066,"comment_status":"open","ping_status":"open","sticky":false,"template":"","format":"standard","meta":{"_acf_changed":false,"footnotes":""},"categories":[9],"tags":[],"class_list":["post-18065","post","type-post","status-publish","format-standard","has-post-thumbnail","hentry","category-noticias"],"acf":[],"_links":{"self":[{"href":"https:\/\/creapb.org.br\/site\/wp-json\/wp\/v2\/posts\/18065","targetHints":{"allow":["GET"]}}],"collection":[{"href":"https:\/\/creapb.org.br\/site\/wp-json\/wp\/v2\/posts"}],"about":[{"href":"https:\/\/creapb.org.br\/site\/wp-json\/wp\/v2\/types\/post"}],"author":[{"embeddable":true,"href":"https:\/\/creapb.org.br\/site\/wp-json\/wp\/v2\/users\/2"}],"replies":[{"embeddable":true,"href":"https:\/\/creapb.org.br\/site\/wp-json\/wp\/v2\/comments?post=18065"}],"version-history":[{"count":1,"href":"https:\/\/creapb.org.br\/site\/wp-json\/wp\/v2\/posts\/18065\/revisions"}],"predecessor-version":[{"id":18068,"href":"https:\/\/creapb.org.br\/site\/wp-json\/wp\/v2\/posts\/18065\/revisions\/18068"}],"wp:featuredmedia":[{"embeddable":true,"href":"https:\/\/creapb.org.br\/site\/wp-json\/wp\/v2\/media\/18066"}],"wp:attachment":[{"href":"https:\/\/creapb.org.br\/site\/wp-json\/wp\/v2\/media?parent=18065"}],"wp:term":[{"taxonomy":"category","embeddable":true,"href":"https:\/\/creapb.org.br\/site\/wp-json\/wp\/v2\/categories?post=18065"},{"taxonomy":"post_tag","embeddable":true,"href":"https:\/\/creapb.org.br\/site\/wp-json\/wp\/v2\/tags?post=18065"}],"curies":[{"name":"wp","href":"https:\/\/api.w.org\/{rel}","templated":true}]}}