{"id":18095,"date":"2021-08-13T12:34:12","date_gmt":"2021-08-13T15:34:12","guid":{"rendered":"http:\/\/creapb.org.br\/?p=18095"},"modified":"2021-08-13T12:35:20","modified_gmt":"2021-08-13T15:35:20","slug":"xvi-ercipa-esta-com-inscricoes-abertas","status":"publish","type":"post","link":"https:\/\/creapb.org.br\/site\/xvi-ercipa-esta-com-inscricoes-abertas\/","title":{"rendered":"XVI Ercipa est\u00e1 com inscri\u00e7\u00f5es abertas"},"content":{"rendered":"<p><img fetchpriority=\"high\" decoding=\"async\" class=\"alignnone size-medium wp-image-18096\" src=\"https:\/\/creapb.org.br\/site\/wp-content\/uploads\/2021\/08\/WhatsApp-Image-2021-08-10-at-11.26.54-300x300.jpeg\" alt=\"\" width=\"300\" height=\"300\" srcset=\"https:\/\/creapb.org.br\/site\/wp-content\/uploads\/2021\/08\/WhatsApp-Image-2021-08-10-at-11.26.54-300x300.jpeg 300w, https:\/\/creapb.org.br\/site\/wp-content\/uploads\/2021\/08\/WhatsApp-Image-2021-08-10-at-11.26.54-150x150.jpeg 150w, https:\/\/creapb.org.br\/site\/wp-content\/uploads\/2021\/08\/WhatsApp-Image-2021-08-10-at-11.26.54-768x768.jpeg 768w, https:\/\/creapb.org.br\/site\/wp-content\/uploads\/2021\/08\/WhatsApp-Image-2021-08-10-at-11.26.54-1024x1024.jpeg 1024w, https:\/\/creapb.org.br\/site\/wp-content\/uploads\/2021\/08\/WhatsApp-Image-2021-08-10-at-11.26.54-115x115.jpeg 115w, https:\/\/creapb.org.br\/site\/wp-content\/uploads\/2021\/08\/WhatsApp-Image-2021-08-10-at-11.26.54.jpeg 1080w\" sizes=\"(max-width: 300px) 100vw, 300px\" \/><\/p>\n<p>&nbsp;<\/p>\n<p>O XVI Encontro de Representantes de Comiss\u00f5es Internas de Preven\u00e7\u00e3o de Acidentes (Cipas) &#8211; Ercipa 2021 ocorrer\u00e1 de forma on-line nos dias 26 e 27 de agosto, \u00e0s 19h. Este ano, o tema este ano ser\u00e1 a participa\u00e7\u00e3o do trabalhador no gerenciamento de riscos ocupacionais. Inscreva-se gratuitamente no endere\u00e7o <a href=\"https:\/\/www.sympla.com.br\/ercipa-2021---xvi-encontro-de-representantes-de-cipas__1305265\">https:\/\/www.sympla.com.br\/ercipa-2021&#8212;xvi-encontro-de-representantes-de-cipas__1305265<\/a>.<\/p>\n<p>Na programa\u00e7\u00e3o constam as participa\u00e7\u00f5es dos engenheiros Ana M\u00e9rcia, Edvaldo Nunes e Rafael Nogueira, al\u00e9m do educador Jos\u00e9 H\u00e9lio, todos com larga experi\u00eancia profissional no ramo prevencionista e no relacionamento com as Cipas.<\/p>\n<p>Com a chegada da nova norma regulamentadora n\u00famero 1, que trar\u00e1 consigo a obrigatoriedade da elabora\u00e7\u00e3o de um programa de gerenciamento de riscos, se evidencia a necessidade da participa\u00e7\u00e3o de todos os componentes do modo laboral para a gest\u00e3o da seguran\u00e7a do trabalho. As Cipas s\u00e3o, portanto, uma ferramenta de aux\u00edlio importante para o cumprimento desta obriga\u00e7\u00e3o trabalhista.<\/p>\n<p><img decoding=\"async\" class=\"alignnone wp-image-18097\" src=\"https:\/\/creapb.org.br\/site\/wp-content\/uploads\/2021\/08\/WhatsApp-Image-2021-08-11-at-15.21.16-169x300.jpeg\" alt=\"\" width=\"234\" height=\"415\" srcset=\"https:\/\/creapb.org.br\/site\/wp-content\/uploads\/2021\/08\/WhatsApp-Image-2021-08-11-at-15.21.16-169x300.jpeg 169w, https:\/\/creapb.org.br\/site\/wp-content\/uploads\/2021\/08\/WhatsApp-Image-2021-08-11-at-15.21.16-576x1024.jpeg 576w, https:\/\/creapb.org.br\/site\/wp-content\/uploads\/2021\/08\/WhatsApp-Image-2021-08-11-at-15.21.16.jpeg 720w\" sizes=\"(max-width: 234px) 100vw, 234px\" \/><\/p>\n<p><img decoding=\"async\" class=\"alignnone wp-image-18098\" src=\"https:\/\/creapb.org.br\/site\/wp-content\/uploads\/2021\/08\/WhatsApp-Image-2021-08-11-at-15.21.17-169x300.jpeg\" alt=\"\" width=\"235\" height=\"418\" srcset=\"https:\/\/creapb.org.br\/site\/wp-content\/uploads\/2021\/08\/WhatsApp-Image-2021-08-11-at-15.21.17-169x300.jpeg 169w, https:\/\/creapb.org.br\/site\/wp-content\/uploads\/2021\/08\/WhatsApp-Image-2021-08-11-at-15.21.17-576x1024.jpeg 576w, https:\/\/creapb.org.br\/site\/wp-content\/uploads\/2021\/08\/WhatsApp-Image-2021-08-11-at-15.21.17.jpeg 720w\" sizes=\"(max-width: 235px) 100vw, 235px\" \/><\/p>\n","protected":false},"excerpt":{"rendered":"<p>&nbsp; O XVI Encontro de Representantes de Comiss\u00f5es Internas de Preven\u00e7\u00e3o de Acidentes (Cipas) &#8211; Ercipa 2021 ocorrer\u00e1 de forma on-line nos dias 26 e 27 de agosto, \u00e0s 19h. Este ano, o tema este ano ser\u00e1 a participa\u00e7\u00e3o do trabalhador no gerenciamento de riscos ocupacionais. Inscreva-se gratuitamente no endere\u00e7o https:\/\/www.sympla.com.br\/ercipa-2021&#8212;xvi-encontro-de-representantes-de-cipas__1305265. Na programa\u00e7\u00e3o constam as participa\u00e7\u00f5es dos engenheiros Ana M\u00e9rcia, Edvaldo Nunes e Rafael Nogueira, al\u00e9m do educador Jos\u00e9 H\u00e9lio, todos com larga experi\u00eancia profissional no ramo prevencionista e no relacionamento com as Cipas. Com a chegada da nova norma regulamentadora n\u00famero 1, que trar\u00e1 consigo a obrigatoriedade da elabora\u00e7\u00e3o [&hellip;]<\/p>\n","protected":false},"author":101011,"featured_media":18096,"comment_status":"open","ping_status":"open","sticky":false,"template":"","format":"standard","meta":{"_acf_changed":false,"footnotes":""},"categories":[9],"tags":[],"class_list":["post-18095","post","type-post","status-publish","format-standard","has-post-thumbnail","hentry","category-noticias"],"acf":[],"_links":{"self":[{"href":"https:\/\/creapb.org.br\/site\/wp-json\/wp\/v2\/posts\/18095","targetHints":{"allow":["GET"]}}],"collection":[{"href":"https:\/\/creapb.org.br\/site\/wp-json\/wp\/v2\/posts"}],"about":[{"href":"https:\/\/creapb.org.br\/site\/wp-json\/wp\/v2\/types\/post"}],"author":[{"embeddable":true,"href":"https:\/\/creapb.org.br\/site\/wp-json\/wp\/v2\/users\/101011"}],"replies":[{"embeddable":true,"href":"https:\/\/creapb.org.br\/site\/wp-json\/wp\/v2\/comments?post=18095"}],"version-history":[{"count":2,"href":"https:\/\/creapb.org.br\/site\/wp-json\/wp\/v2\/posts\/18095\/revisions"}],"predecessor-version":[{"id":18100,"href":"https:\/\/creapb.org.br\/site\/wp-json\/wp\/v2\/posts\/18095\/revisions\/18100"}],"wp:featuredmedia":[{"embeddable":true,"href":"https:\/\/creapb.org.br\/site\/wp-json\/wp\/v2\/media\/18096"}],"wp:attachment":[{"href":"https:\/\/creapb.org.br\/site\/wp-json\/wp\/v2\/media?parent=18095"}],"wp:term":[{"taxonomy":"category","embeddable":true,"href":"https:\/\/creapb.org.br\/site\/wp-json\/wp\/v2\/categories?post=18095"},{"taxonomy":"post_tag","embeddable":true,"href":"https:\/\/creapb.org.br\/site\/wp-json\/wp\/v2\/tags?post=18095"}],"curies":[{"name":"wp","href":"https:\/\/api.w.org\/{rel}","templated":true}]}}