{"id":18101,"date":"2021-08-16T08:56:45","date_gmt":"2021-08-16T11:56:45","guid":{"rendered":"http:\/\/creapb.org.br\/?p=18101"},"modified":"2021-08-16T09:10:01","modified_gmt":"2021-08-16T12:10:01","slug":"luto-oficial","status":"publish","type":"post","link":"https:\/\/creapb.org.br\/site\/luto-oficial\/","title":{"rendered":"Luto oficial"},"content":{"rendered":"<p>O primeiro vice-presidente do Crea-PB, no exerc\u00edcio da presid\u00eancia, o engenheiro civil Francisco Xavier Bandeira Ventura, decretou luto de tr\u00eas dias pelo falecimento do presidente do Regional, Antonio Carlos de Arag\u00e3o, no s\u00e1bado (14).<\/p>\n<p>Em seu segundo mandato \u00e0 frente do Crea-PB, Arag\u00e3o exerceu diversas fun\u00e7\u00f5es no Sistema, inclusive a de coordenador do Col\u00e9gio de Presidentes e de superintendente geral do Crea-PB, nas gest\u00f5es da engenheira agr\u00f4noma Giuc\u00e9lia Figueiredo.<\/p>\n<p>\u201c\u00c9 um momento de muita tristeza para todo o Sistema. Perdemos um grande companheiro, um profissional e dirigente dos mais queridos e atuantes. Arag\u00e3o era um gestor dos mais competentes, voz bastante presente em todos os nossos passos. Colaborou intensamente para as atividades cotidianas do Sistema e para as conquistas recentes que temos obtido, al\u00e9m de ter sido um amigo pessoal com quem sempre contei, mesmo antes da primeira elei\u00e7\u00e3o para estar \u00e0 frente do Confea. Deixo meus sentimentos \u00e0 fam\u00edlia, aos amigos e companheiros de Crea-PB e de sua atividade profissional\u201d, disse o presidente do Confea, eng. civ. Joel Kr\u00fcger, \u00a0destacando a\u00a0dedica\u00e7\u00e3o\u00a0do presidente do Crea-PB no\u00a0dia-a-dia\u00a0do Sistema e em recentes\u00a0a\u00e7\u00f5es parlamentares\u00a0do Sistema, sua\u00a0defesa da \u00e9tica e lamentando sua despedida precoce.<\/p>\n<p><strong>Lideran\u00e7a\u00a0<\/strong><br \/>\n\u201cFomos coordenadores da c\u00e2mara de Civil por volta de 1998. Ele foi coordenador nacional e o conhe\u00e7o desde essa \u00e9poca. Arag\u00e3o j\u00e1 era uma lideran\u00e7a em todos os n\u00edveis, preocupando-se muito com a engenharia civil e trabalhando em n\u00edvel nacional por ela. Sab\u00edamos j\u00e1 naquela \u00e9poca que seria presidente do Crea-PB\u201d, descreve o presidente do Crea-Am, eng. civ. Afonso Lins, j\u00e1 em seu quarto mandato desde 2003, e atual coordenador do\u00a0<a href=\"https:\/\/creapb.org.br\/noticias\/aragao-encerra-mandato-como-coordenador-do-colegio-de-presidentes\/\" target=\"_blank\" rel=\"noopener\">Col\u00e9gio de Presidentes<\/a>.<\/p>\n<p>\u201cPara mim, era um desafio muito grande, pela organiza\u00e7\u00e3o que ele tem, pela lideran\u00e7a. Era complicado substituir o Arag\u00e3o. Um homem nacional, que vinha conseguindo vencer tudo isso. Ele auxiliou bastante no CP. Conhecia muito do\u00a0Sistema\u00a0e nos ajudava muito. A gente percebeu que este ano ele estava bastante debilitado. Mas era uma pessoa bastante reservada, apesar de ter muitos amigos. Era uma lideran\u00e7a na Engenharia Civil e da engenharia em geral, depois de presidente. Um nome que poderia vir a ser presidente do Confea e da M\u00fatua\u201d, ressalta Lins, comentando que o presidente Joel tamb\u00e9m gostava muito de Arag\u00e3o e que mantinha contato constante com ele. \u201cSempre foi uma lideran\u00e7a, com quem aprendia muito atualmente no grupo de planejamento do Confea. Uma pessoa que tinha \u00f3timo relacionamento, \u00f3timas ideias, hiper organizado. N\u00e3o tinha como n\u00e3o consult\u00e1-lo permanentemente\u201d.<\/p>\n<p><strong>Fam\u00edlia e Crea-PB lamentam<\/strong><\/p>\n<p>Irm\u00e3o mais velho do advogado Andr\u00e9 Luiz de Arag\u00e3o e do m\u00e9dico Augusto Jos\u00e9 de Arag\u00e3o, Antonio Carlos de Arag\u00e3o \u201csempre gostou da engenharia e de Matem\u00e1tica, tentou at\u00e9 cursar Matem\u00e1tica antes da Engenharia. E antes mesmo de concluir o curso estava estagiando em grandes obras. Viu que gostava mesmo da Engenharia\u201d, segundo informa Andr\u00e9 Luiz.<\/p>\n<p>O irm\u00e3o descreve que Arag\u00e3o era muito solid\u00e1rio com os amigos, como se constatou tamb\u00e9m por sua atua\u00e7\u00e3o no Sistema. \u201cTinha o grupo de pedalada, o grupo da par\u00f3quia\u00a0de Nossa Senhora de Lourdes, onde era Ministro da\u00a0Eucaristia, uma pessoa muito greg\u00e1ria. Prezava pela \u00e9tica e estava sempre querendo informatizar o Sistema para facilitar a vida dos profissionais. Sempre falava isso:\u00a0\u2018Como alguns outros Creas, a gente est\u00e1 no s\u00e9culo XXI\u2019\u201d, lembrando que o irm\u00e3o enfrentou ainda a pandemia de Covid-19 \u00e0 frente do Regional e que os pais, o professor universit\u00e1rio e procurador aposentado Afr\u00e2nio de Arag\u00e3o e a professora de Letras, Maria do Socorro Silva de Arag\u00e3o, acompanham sua despedida.<\/p>\n<p>\u201cFomos companheiros por muito tempo. Fui tesoureiro no Crea na \u00e9poca em que ele era superintendente. Sempre lutava pelo Crea, esteve sempre presente, desde o presidente Paulo La\u00e9rcio, quando eu era conselheiro e ele, coordenador da Civil. Sempre muito educado, prestativo. Uma grande perda. Temos que seguir em frente\u201d, diz o vice-presidente do\u00a0<a href=\"https:\/\/www.confea.org.br\/crea-pb-foca-no-atendimento-virtual-equidade-e-participacao-social\" target=\"_blank\" rel=\"noopener\">Crea-PB<\/a>, que assumiu interinamente a presid\u00eancia no \u00faltimo dia 2, alguns dias ap\u00f3s a interna\u00e7\u00e3o de Arag\u00e3o.<\/p>\n<p>\u201cEstive sempre em contato com o irm\u00e3o dele, Andr\u00e9\u201d, diz, informando que foi segundo vice-presidente no \u00faltimo ano do mandato anterior, ap\u00f3s ser coordenador da Comiss\u00e3o de \u00c9tica. \u201cEle me chamou para ser vice-presidente. E agora, \u00e9 uma responsabilidade muito grande suced\u00ea-lo. Arag\u00e3o foi conhecido nacionalmente, presidiu o col\u00e9gio de presidentes. Vamos dar fazer o melhor poss\u00edvel para dar continuidade a essa gest\u00e3o dele\u201d, descreveu, emocionado.<\/p>\n<p><strong>Legado<\/strong><\/p>\n<p>\u201cA mensagem que a gente est\u00e1 passando \u00e9 que a grande contribui\u00e7\u00e3o que podemos prestar a Arag\u00e3o \u00e9 manter vivo o seu legado. O legado dos prop\u00f3sitos dele como presidente do Crea, de uma institui\u00e7\u00e3o \u00e1gil, eficiente e \u00e9tica, presente na vida dos profissionais. Essas eram as grandes din\u00e2micas que moviam a vida de Arag\u00e3o como profissional e presidente do Crea-PB\u201d, descreve a ex-presidente e atual diretora administrativa da M\u00fatua, eng. agr. Giuc\u00e9lia Figueiredo, tamb\u00e9m emocionada com a perda do amigo.<\/p>\n<p>Segundo ela, Arag\u00e3o tinha o foco no car\u00e1ter democr\u00e1tico, transparente e \u00e9tico para que a institui\u00e7\u00e3o estivesse sempre \u00e0 disposi\u00e7\u00e3o da sociedade e dos profissionais. \u201cEle fazia a defesa desses valores com maestria, em defesa da engenharia nacional, dos direitos e da valoriza\u00e7\u00e3o profissional. Isso nos unia como parceiros, como irm\u00e3os e agentes sociais. T\u00ednhamos uma rela\u00e7\u00e3o de profundo respeito e amizade, centrada nesses valores. Logicamente, tudo envolto em um afeto profundo. Tinha n\u00e3o s\u00f3 um parceiro de caminhada profissional, mas de caminhada social tamb\u00e9m. Dar continuidade a isso \u00a0\u00e9 a grande homenagem que o Crea e o Sistema como um todo podem dar ao Arag\u00e3o, procurando fazer o Sistema presente na sociedade e na vida dos profissionais. Arag\u00e3o elegeu-se com o presidente Joel, eles tinham uma rela\u00e7\u00e3o de respeito, de compromisso com essa concep\u00e7\u00e3o de Sistema. Arag\u00e3o tinha uma lealdade muito forte nessa perspectiva de ter o Confea como est\u00e1 sendo dirigido pelo presidente Joel, a quem ele admirava e respeitava, como presidente e amigo\u201d, diz.<\/p>\n<p>Giuc\u00e9lia aponta ainda que Arag\u00e3o teve uma atua\u00e7\u00e3o profissional muito ligada aos sindicatos, \u00e0 Associa\u00e7\u00e3o Brasileira de Engenharia Civil \u2013 Abenc e ao Sinduscon. \u201cUma rela\u00e7\u00e3o muito intr\u00ednseca com o setor produtivo do estado da Para\u00edba. Caracterizada pelo profissional que sempre pautou sua trajet\u00f3ria na \u00e9tica, compet\u00eancia e com um profundo senso de responsabilidade social. Respeitado por todos os segmentos profissionais, da cadeia produtiva, e da sociedade paraibana. Foi coordenador do Col\u00e9gio, da c\u00e2mara de Civil. Toda a sua trajet\u00f3ria foi lincada com o processo de organiza\u00e7\u00e3o do sistema. E primeiro coordenador da M\u00fatua Para\u00edba. Tive a honra de t\u00ea-lo como meu superintendente e tamb\u00e9m tive a honra de t\u00ea-lo como meu sucessor na presid\u00eancia. A hist\u00f3ria do Crea-PB passa pela contribui\u00e7\u00e3o do engenheiro e do ser humano Antonio Arag\u00e3o, que ficar\u00e1 eternamente na mem\u00f3ria da institui\u00e7\u00e3o e de todos os profissionais paraibanos e de todas as lideran\u00e7as do Sistema\u201d.<\/p>\n<p><strong>Baque<\/strong><\/p>\n<p>Para o conselheiro federal pelo Crea-PB, eng. min. Renan Guimar\u00e3es, Antonio Carlos de Arag\u00e3o era um amigo, desde o tempo em que eram conselheiros regionais, no segundo mandato do presidente Paulo La\u00e9rcio. \u201cInfelizmente, nos pegou de surpresa. A gente sabia da doen\u00e7a, mas n\u00e3o sabia que estava assim, ele n\u00e3o dava detalhes\u201d, diz, descrevendo-o como um profissional voltado para o Sistema. \u201cQuando fui eleito federal, recebi o apoio dele. Sempre teve muita confian\u00e7a. Semanalmente, a gente tomava um caf\u00e9 para conversar sobre o Sistema. Era muito reservado, tranquilo, gostava de estar em casa\u201d.<\/p>\n<p>Para Renan, o principal exemplo de Arag\u00e3o era seu amor \u00e0 profiss\u00e3o e ao Sistema. \u201cA vida dele foi praticamente dedicada ao Sistema. Era um profissional exemplar com coer\u00eancia, honestidade. Administrador de m\u00e3o cheia, como ficou comprovado quando superintendente do Crea por seis anos na gest\u00e3o da Giuc\u00e9lia. Vai ser dif\u00edcil encontrar pessoas com a compet\u00eancia administrativa dele. Para o Crea-PB \u00e9 um baque muito forte. Os profissionais tinham uma confian\u00e7a muito grande nele\u201d.<\/p>\n<p><strong>Trajet\u00f3ria<\/strong><\/p>\n<p>Nascido em Campina Grande, em 3 de novembro de 1960, Antonio Carlos de Arag\u00e3o cursou parte do segundo grau no Colorado, Estados Unidos, o que o levaria a ser professor de ingl\u00eas. \u00a0Formado em Engenharia Civil pela Universidade Federal da Para\u00edba (UFPB), iniciou sua atua\u00e7\u00e3o como assessor t\u00e9cnico da Comiss\u00e3o de Constru\u00e7\u00e3o do Espa\u00e7o Cultural da Para\u00edba, atuando em seguida como gerente de Engenharia da Funsat\u00a0&#8211; Funda\u00e7\u00e3o Social do Trabalho; presidente da Funsat; diretor do Sinduscon\/JP; conselheiro suplente da Federa\u00e7\u00e3o das Ind\u00fastrias do Estado da Para\u00edba; conselheiro do Crea\/PB; conselheiro do Copan \u2013 Conselho de Prote\u00e7\u00e3o Ambiental da Para\u00edba; coordenador da C\u00e2mara Especializada de Engenharia Civil do Crea\/PB; coordenador da Comiss\u00e3o de \u00c9tica do Crea\/PB; coordenador da Comiss\u00e3o de Renova\u00e7\u00e3o do Ter\u00e7o do Crea\/PB; coordenador Nacional das C\u00e2maras Especializadas de Engenharia Civil do Confea; diretor regional da M\u00fatua \u2013 Caixa de Assist\u00eancia dos Profissionais do Crea\/PB; coordenador da Comiss\u00e3o Regional Eleitoral \u2013 Crea\/PB; coordenador do Congresso Regional dos Profissionais \u2013 Crea\/PB; diretor da Associa\u00e7\u00e3o Brasileira de Engenheiros Civis \u2013 Abenc; presidente da Associa\u00e7\u00e3o Brasileira de Engenheiros Civis\/PB \u2013 Abenc\/PB; diretor do Clube de Engenharia da Para\u00edba; Vice-Presidente do Crea\/PB; superintendente do Crea\/PB e presidente do Crea-PB e coordenador do Col\u00e9gio de Presidentes, no Confea. Era ainda empres\u00e1rio do ramo de constru\u00e7\u00e3o civil. Arag\u00e3o era solteiro e n\u00e3o deixa filhos.<\/p>\n<p>Texto: Equipe de comunica\u00e7\u00e3o do Confea<\/p>\n","protected":false},"excerpt":{"rendered":"<p>O primeiro vice-presidente do Crea-PB, no exerc\u00edcio da presid\u00eancia, o engenheiro civil Francisco Xavier Bandeira Ventura, decretou luto de tr\u00eas dias pelo falecimento do presidente do Regional, Antonio Carlos de Arag\u00e3o, no s\u00e1bado (14). Em seu segundo mandato \u00e0 frente do Crea-PB, Arag\u00e3o exerceu diversas fun\u00e7\u00f5es no Sistema, inclusive a de coordenador do Col\u00e9gio de Presidentes e de superintendente geral do Crea-PB, nas gest\u00f5es da engenheira agr\u00f4noma Giuc\u00e9lia Figueiredo. \u201c\u00c9 um momento de muita tristeza para todo o Sistema. Perdemos um grande companheiro, um profissional e dirigente dos mais queridos e atuantes. Arag\u00e3o era um gestor dos mais competentes, voz [&hellip;]<\/p>\n","protected":false},"author":101011,"featured_media":18102,"comment_status":"open","ping_status":"open","sticky":false,"template":"","format":"standard","meta":{"_acf_changed":false,"footnotes":""},"categories":[9],"tags":[45,44],"class_list":["post-18101","post","type-post","status-publish","format-standard","has-post-thumbnail","hentry","category-noticias","tag-antonio-carlos-de-aragao","tag-luto"],"acf":[],"_links":{"self":[{"href":"https:\/\/creapb.org.br\/site\/wp-json\/wp\/v2\/posts\/18101","targetHints":{"allow":["GET"]}}],"collection":[{"href":"https:\/\/creapb.org.br\/site\/wp-json\/wp\/v2\/posts"}],"about":[{"href":"https:\/\/creapb.org.br\/site\/wp-json\/wp\/v2\/types\/post"}],"author":[{"embeddable":true,"href":"https:\/\/creapb.org.br\/site\/wp-json\/wp\/v2\/users\/101011"}],"replies":[{"embeddable":true,"href":"https:\/\/creapb.org.br\/site\/wp-json\/wp\/v2\/comments?post=18101"}],"version-history":[{"count":3,"href":"https:\/\/creapb.org.br\/site\/wp-json\/wp\/v2\/posts\/18101\/revisions"}],"predecessor-version":[{"id":18104,"href":"https:\/\/creapb.org.br\/site\/wp-json\/wp\/v2\/posts\/18101\/revisions\/18104"}],"wp:featuredmedia":[{"embeddable":true,"href":"https:\/\/creapb.org.br\/site\/wp-json\/wp\/v2\/media\/18102"}],"wp:attachment":[{"href":"https:\/\/creapb.org.br\/site\/wp-json\/wp\/v2\/media?parent=18101"}],"wp:term":[{"taxonomy":"category","embeddable":true,"href":"https:\/\/creapb.org.br\/site\/wp-json\/wp\/v2\/categories?post=18101"},{"taxonomy":"post_tag","embeddable":true,"href":"https:\/\/creapb.org.br\/site\/wp-json\/wp\/v2\/tags?post=18101"}],"curies":[{"name":"wp","href":"https:\/\/api.w.org\/{rel}","templated":true}]}}