{"id":18124,"date":"2021-08-23T09:09:25","date_gmt":"2021-08-23T12:09:25","guid":{"rendered":"http:\/\/creapb.org.br\/?p=18124"},"modified":"2021-08-23T09:13:26","modified_gmt":"2021-08-23T12:13:26","slug":"presidentes-dos-creas-do-nordeste-assinam-acordo-de-cooperacao-tecnica-com-o-serpro-e-discutem-anuidade-progressiva-para-recem-formados","status":"publish","type":"post","link":"https:\/\/creapb.org.br\/site\/presidentes-dos-creas-do-nordeste-assinam-acordo-de-cooperacao-tecnica-com-o-serpro-e-discutem-anuidade-progressiva-para-recem-formados\/","title":{"rendered":"Presidentes dos Creas do Nordeste assinam Acordo de Coopera\u00e7\u00e3o T\u00e9cnica com o Serpro e discutem anuidade progressiva para rec\u00e9m-formados"},"content":{"rendered":"<p><img fetchpriority=\"high\" decoding=\"async\" class=\"alignnone wp-image-18128 size-large\" src=\"https:\/\/creapb.org.br\/site\/wp-content\/uploads\/2021\/08\/WhatsApp-Image-2021-08-23-at-09.04.03-1024x576.jpeg\" alt=\"\" width=\"1024\" height=\"576\" srcset=\"https:\/\/creapb.org.br\/site\/wp-content\/uploads\/2021\/08\/WhatsApp-Image-2021-08-23-at-09.04.03-1024x576.jpeg 1024w, https:\/\/creapb.org.br\/site\/wp-content\/uploads\/2021\/08\/WhatsApp-Image-2021-08-23-at-09.04.03-300x169.jpeg 300w, https:\/\/creapb.org.br\/site\/wp-content\/uploads\/2021\/08\/WhatsApp-Image-2021-08-23-at-09.04.03-768x432.jpeg 768w, https:\/\/creapb.org.br\/site\/wp-content\/uploads\/2021\/08\/WhatsApp-Image-2021-08-23-at-09.04.03.jpeg 1600w\" sizes=\"(max-width: 1024px) 100vw, 1024px\" \/><\/p>\n<p>A 4\u00aa Reuni\u00e3o Ordin\u00e1ria do F\u00f3rum de Presidentes dos Creas do Nordeste aconteceu nessa sexta-feira (20), na sede do Conselho Regional de Engenharia e Agronomia do Rio Grande do Norte (Crea-RN), em Natal. O evento foi aberto pela coordenadora do F\u00f3rum e presidente do Crea-RN, a engenheira civil Ana Adalgisa Dias Paulino. Entre os assuntos em pauta estavam a anuidade progressiva para os rec\u00e9m-formados; Plano de Sa\u00fade para os profissionais; Elei\u00e7\u00e3o de Conselheiros Regionais; e Autonomia operacional dos Conselheiros Regionais<\/p>\n<p>O secret\u00e1rio Estadual de Infraestrutura do Rio Grande do Norte, o engenheiro Gustavo Coelho participou da solenidade de abertura e falou aos participantes do f\u00f3rum sobre o momento positivo em que o estado est\u00e1 passando com projetos em andamento como o da Costeira Parque, complexo de lazer que ser\u00e1 constru\u00eddo na Via Costeira, em Natal.<\/p>\n<p>O evento contou com a presen\u00e7a do diretor geral da M\u00fatua Nacional, Fernando Dacal Reis; da diretora administrativa da M\u00fatua Nacional, Giuc\u00e9lia Figueiredo; dos diretores da M\u00fatua Regional do Rio Grande do Norte, M\u00e1rcio S\u00e1, Almir Mariano e Alessandro C\u00e2mara e dos presidentes dos Creas, Rosa Maria Barros Ten\u00f3rio (Crea-AL); Joseval Costa Carqueja (Crea-BA); Francisco Xavier Bandeira Ventura (Crea-PB); Raimundo Ulisses de Oliveira Filho (Crea-PI); Adriano Ant\u00f4nio de Lucena (Crea-PE); Jorge Roberto Silveira (Crea-SE).<\/p>\n<p>Antes de iniciar os trabalhos, a coordenadora e anfitri\u00e3 do evento, pediu um minuto de sil\u00eancio em homenagem ao presidente do Crea-PB, Ant\u00f4nio Carlos de Arag\u00e3o, falecido no \u00faltimo dia 14. Um v\u00eddeo foi exibido exaltando o inesquec\u00edvel profissional que tanto lutou pelo fortalecimento da engenharia, agronomia e geoci\u00eancias no pa\u00eds. \u201cComo coordenador do nosso Col\u00e9gio de Presidentes voc\u00ea sempre buscou a coer\u00eancia, a harmonia, o atendimento as nossas pautas. Voc\u00ea vai fazer muita falta n\u00e3o s\u00f3 a mim, mas a todos os profissionais e, principalmente, ao Sistema Confea\/Crea\u201d, disse a presidente Ana Adalgisa. O diretor geral da M\u00fatua, Fernando Dacal, emocionado, falou em nome dos presentes exaltando o grande profissional e amigo Ant\u00f4nio Arag\u00e3o.<\/p>\n<figure class=\"wp-block-embed wp-block-embed-youtube is-type-video is-provider-youtube epyt-figure\"><div class=\"wp-block-embed__wrapper\"><div class=\"epyt-video-wrapper\"><iframe  id=\"_ytid_34038\"  width=\"800\" height=\"450\"  data-origwidth=\"800\" data-origheight=\"450\" src=\"https:\/\/www.youtube.com\/embed\/AftFuVqWe8g?enablejsapi=1&autoplay=0&cc_load_policy=0&cc_lang_pref=&iv_load_policy=1&loop=0&rel=0&fs=1&playsinline=0&autohide=2&theme=dark&color=red&controls=1&disablekb=0&\" class=\"__youtube_prefs__  no-lazyload\" title=\"YouTube player\"  allow=\"fullscreen; accelerometer; autoplay; clipboard-write; encrypted-media; gyroscope; picture-in-picture; web-share\" referrerpolicy=\"strict-origin-when-cross-origin\" allowfullscreen data-no-lazy=\"1\" data-skipgform_ajax_framebjll=\"\"><\/iframe><\/div><\/div><\/figure>\n<p>Os trabalhos iniciaram com a apresenta\u00e7\u00e3o do coordenador do Projeto Mais RN, Jos\u00e9 Bezerra Marinho, que fez uma explana\u00e7\u00e3o para os presidentes sobre o observat\u00f3rio de Oportunidades de Desenvolvimento S\u00f3cio-Econ\u00f4mico, da FIERN. \u201cSomos o pensamento estrat\u00e9gico cont\u00ednuo para o desenvolvimento do RN que surgiu a partir de um prospectivo de 20 anos\u201d, disse, acrescentando que hoje a principal preocupa\u00e7\u00e3o \u00e9 consci\u00eancia de que \u00e9 preciso formar pessoas para esse novo momento. \u201cE quem vai formar? Esse \u00e9 o nosso grande desafio\u201d, concluiu.<\/p>\n<p>Em um segundo momento, Carlos Henrique Rodrigues Alexandria, Gerente de Inova\u00e7\u00e3o do Serpro, acompanhado do analista t\u00e9cnico do Serpro, Reinaldo Melo Soares, fez uma apresenta\u00e7\u00e3o sobre a import\u00e2ncia de inovar e avan\u00e7ar no cen\u00e1rio tecnol\u00f3gico atual. Os presidentes assinaram um Acordo de Coopera\u00e7\u00e3o T\u00e9cnica com o Serpro \u2013 Servi\u00e7o Federal de Processamento de Dados para a cria\u00e7\u00e3o de ferramentas tecnol\u00f3gicas personalizadas visando melhorias do servi\u00e7o prestado aos profissionais e empresas registrados nos Creas do Nordeste.<\/p>\n<p>\u201cO Crea-RN j\u00e1 solicitou tr\u00eas produtos que ir\u00e3o garantir a seguran\u00e7a, transpar\u00eancia e tecnologia aos nossos usu\u00e1rios\u201d, disse a presidente Ana Adalgisa. \u201cQueremos lan\u00e7ar a carteira e a certifica\u00e7\u00e3o Digital e treinar os nossos servidores para a consolida\u00e7\u00e3o da LGPD \u2013 Lei Geral de Prote\u00e7\u00e3o de Dados\u201d, adiantou. O controlador do Crea-RN, Claudionaldo C\u00e2mara, que ir\u00e1 coordenar esses projetos no \u00e2mbito local, falou da import\u00e2ncia de avan\u00e7amos nesse quesito e da uni\u00e3o de todos os Creas do Nordeste para a concretiza\u00e7\u00e3o desses projetos.<\/p>\n<p>Os presidentes tamb\u00e9m discutiram sobre as anuidades progressivas para o rec\u00e9m-formado. Foi aprovada por unanimidade a proposta de desconto decrescente por 5 anos a come\u00e7ar com o desconto no primeiro ano de 90% at\u00e9 20% no quinto ano de formado. Essa proposta ir\u00e1 ser apresentada no pr\u00f3ximo Col\u00e9gio de Presidentes para avalia\u00e7\u00e3o.<\/p>\n<p><img decoding=\"async\" class=\"alignnone wp-image-18130 size-large\" src=\"https:\/\/creapb.org.br\/site\/wp-content\/uploads\/2021\/08\/WhatsApp-Image-2021-08-23-at-09.05.51-1024x576.jpeg\" alt=\"\" width=\"1024\" height=\"576\" srcset=\"https:\/\/creapb.org.br\/site\/wp-content\/uploads\/2021\/08\/WhatsApp-Image-2021-08-23-at-09.05.51-1024x576.jpeg 1024w, https:\/\/creapb.org.br\/site\/wp-content\/uploads\/2021\/08\/WhatsApp-Image-2021-08-23-at-09.05.51-300x169.jpeg 300w, https:\/\/creapb.org.br\/site\/wp-content\/uploads\/2021\/08\/WhatsApp-Image-2021-08-23-at-09.05.51-768x432.jpeg 768w, https:\/\/creapb.org.br\/site\/wp-content\/uploads\/2021\/08\/WhatsApp-Image-2021-08-23-at-09.05.51.jpeg 1600w\" sizes=\"(max-width: 1024px) 100vw, 1024px\" \/><\/p>\n<p>Texto e fotos: Comunica\u00e7\u00e3o Crea-RN<\/p>\n","protected":false},"excerpt":{"rendered":"<p>A 4\u00aa Reuni\u00e3o Ordin\u00e1ria do F\u00f3rum de Presidentes dos Creas do Nordeste aconteceu nessa sexta-feira (20), na sede do Conselho Regional de Engenharia e Agronomia do Rio Grande do Norte (Crea-RN), em Natal. O evento foi aberto pela coordenadora do F\u00f3rum e presidente do Crea-RN, a engenheira civil Ana Adalgisa Dias Paulino. Entre os assuntos em pauta estavam a anuidade progressiva para os rec\u00e9m-formados; Plano de Sa\u00fade para os profissionais; Elei\u00e7\u00e3o de Conselheiros Regionais; e Autonomia operacional dos Conselheiros Regionais O secret\u00e1rio Estadual de Infraestrutura do Rio Grande do Norte, o engenheiro Gustavo Coelho participou da solenidade de abertura e [&hellip;]<\/p>\n","protected":false},"author":101011,"featured_media":18125,"comment_status":"open","ping_status":"open","sticky":false,"template":"","format":"standard","meta":{"_acf_changed":false,"footnotes":""},"categories":[9],"tags":[],"class_list":["post-18124","post","type-post","status-publish","format-standard","has-post-thumbnail","hentry","category-noticias"],"acf":[],"_links":{"self":[{"href":"https:\/\/creapb.org.br\/site\/wp-json\/wp\/v2\/posts\/18124","targetHints":{"allow":["GET"]}}],"collection":[{"href":"https:\/\/creapb.org.br\/site\/wp-json\/wp\/v2\/posts"}],"about":[{"href":"https:\/\/creapb.org.br\/site\/wp-json\/wp\/v2\/types\/post"}],"author":[{"embeddable":true,"href":"https:\/\/creapb.org.br\/site\/wp-json\/wp\/v2\/users\/101011"}],"replies":[{"embeddable":true,"href":"https:\/\/creapb.org.br\/site\/wp-json\/wp\/v2\/comments?post=18124"}],"version-history":[{"count":4,"href":"https:\/\/creapb.org.br\/site\/wp-json\/wp\/v2\/posts\/18124\/revisions"}],"predecessor-version":[{"id":18132,"href":"https:\/\/creapb.org.br\/site\/wp-json\/wp\/v2\/posts\/18124\/revisions\/18132"}],"wp:featuredmedia":[{"embeddable":true,"href":"https:\/\/creapb.org.br\/site\/wp-json\/wp\/v2\/media\/18125"}],"wp:attachment":[{"href":"https:\/\/creapb.org.br\/site\/wp-json\/wp\/v2\/media?parent=18124"}],"wp:term":[{"taxonomy":"category","embeddable":true,"href":"https:\/\/creapb.org.br\/site\/wp-json\/wp\/v2\/categories?post=18124"},{"taxonomy":"post_tag","embeddable":true,"href":"https:\/\/creapb.org.br\/site\/wp-json\/wp\/v2\/tags?post=18124"}],"curies":[{"name":"wp","href":"https:\/\/api.w.org\/{rel}","templated":true}]}}