{"id":18152,"date":"2021-09-02T08:40:15","date_gmt":"2021-09-02T11:40:15","guid":{"rendered":"http:\/\/creapb.org.br\/?p=18152"},"modified":"2021-09-02T08:40:15","modified_gmt":"2021-09-02T11:40:15","slug":"homenagem-a-aragao-marca-inicio-do-colegio-de-presidentes","status":"publish","type":"post","link":"https:\/\/creapb.org.br\/site\/homenagem-a-aragao-marca-inicio-do-colegio-de-presidentes\/","title":{"rendered":"Homenagem a Arag\u00e3o marca in\u00edcio do Col\u00e9gio de Presidentes"},"content":{"rendered":"<p>Uma nota de pesar e decreto de luto por tr\u00eas reuni\u00f5es do Col\u00e9gio de Presidentes (CP) \u2013 com a bandeira do Brasil a meio mastro \u2013\u00a0foram aprovados por aclama\u00e7\u00e3o na manh\u00e3 dessa quarta-feira (1) durante reuni\u00e3o do colegiado que re\u00fane os dirigentes de todos os Creas e da M\u00fatua. A homenagem se refere ao engenheiro civil Antonio Carlos de Arag\u00e3o, que, ent\u00e3o \u00e0 frente do Crea-PB,\u00a0<a href=\"https:\/\/www.confea.org.br\/sistema-perde-presidente-antonio-carlos-de-aragao-do-crea-pb\">faleceu no \u00faltimo dia 14 de agosto<\/a>. Arag\u00e3o foi coordenador do CP em 2019 e 2020.<\/p>\n<p>\u201cEle ser\u00e1 o eterno coordenador do CP. Deixou-nos de maneira muito r\u00e1pida e j\u00e1 est\u00e1 fazendo muita falta. Era um l\u00edder nato\u201d, pontuou o atual coordenador do grupo, eng. civ. Afonso Lins, presidente do Crea-AM, antes da exibi\u00e7\u00e3o do v\u00eddeo em homenagem a Arag\u00e3o.<\/p>\n<figure class=\"wp-block-embed wp-block-embed-youtube is-type-video is-provider-youtube epyt-figure\"><div class=\"wp-block-embed__wrapper\"><div class=\"epyt-video-wrapper\"><iframe  id=\"_ytid_52557\"  width=\"800\" height=\"450\"  data-origwidth=\"800\" data-origheight=\"450\" src=\"https:\/\/www.youtube.com\/embed\/6SAq9PYkDFo?enablejsapi=1&autoplay=0&cc_load_policy=0&cc_lang_pref=&iv_load_policy=1&loop=0&rel=0&fs=1&playsinline=0&autohide=2&theme=dark&color=red&controls=1&disablekb=0&\" class=\"__youtube_prefs__  no-lazyload\" title=\"YouTube player\"  allow=\"fullscreen; accelerometer; autoplay; clipboard-write; encrypted-media; gyroscope; picture-in-picture; web-share\" referrerpolicy=\"strict-origin-when-cross-origin\" allowfullscreen data-no-lazy=\"1\" data-skipgform_ajax_framebjll=\"\"><\/iframe><\/div><\/div><\/figure>\n<p><strong>Vit\u00f3ria da Engenharia<\/strong><\/p>\n<p>Entre os informes do Confea, o presidente do Federal, eng. civ. Joel Kr\u00fcger, enfatizou os resultados da atua\u00e7\u00e3o parlamentar do Sistema Confea\/Crea e M\u00fatua. Celebrou\u00a0<a href=\"https:\/\/www.confea.org.br\/presidencia-da-republica-retira-pec-108-da-pauta-do-congresso-nacional\">a retirada, pela Presid\u00eancia da Rep\u00fablica, da Proposta de Emenda \u00e0 Constitui\u00e7\u00e3o 108\/2019<\/a>\u00a0da pauta do Congresso Nacional; e a aprova\u00e7\u00e3o da\u00a0<a href=\"https:\/\/www.confea.org.br\/vitoria-da-engenharia-governo-mantem-salario-minimo-profissional-e-art-0\">Medida Provis\u00f3ria da Desburocratiza\u00e7\u00e3o (MP 1040\/2021) com as demandas da Engenharia atendidas<\/a>.<\/p>\n<p>\u201cFoi a maior mobiliza\u00e7\u00e3o que tivemos at\u00e9 hoje no Congresso Nacional e teve um efeito fulminante. O pr\u00f3prio governo se assustou com a mobiliza\u00e7\u00e3o e nos chamou para negociar. Eles sentiram o impacto. No Senado, tivemos 20, 30 emendas atendendo nossas demandas, n\u00e3o foram poucas. E isso \u00e9 raro. Foi muito bonito\u201d, pontuou Kr\u00fcger, ao agradecer a atua\u00e7\u00e3o de todos os agentes do Sistema Confea\/Crea e M\u00fatua que mantiveram audi\u00eancias com l\u00edderes de suas bancadas, entre outras a\u00e7\u00f5es de mobiliza\u00e7\u00e3o. \u201cFoi uma vit\u00f3ria maravilhosa e s\u00f3 ganhamos porque nos mobilizamos\u201d.<\/p>\n<p>Entre as propostas que est\u00e3o em pauta no Congresso Nacional pelas quais o Confea se posiciona a favor, Kr\u00fcger ressaltou o\u00a0<a href=\"https:\/\/www.confea.org.br\/plenario-manifesta-apoio-ao-marco-regulatorio-da-geracao-distribuida\">Marco Regulat\u00f3rio da Gera\u00e7\u00e3o Distribu\u00edda<\/a>\u00a0e a\u00a0<a href=\"https:\/\/www.confea.org.br\/confea-faz-sugestoes-em-pl-sobre-manutencao-predial\">regulamenta\u00e7\u00e3o da inspe\u00e7\u00e3o predial<\/a>. \u201cAmbos os textos t\u00eam alto impacto na economia e na Engenharia, estamos trabalhando fortemente por sua aprova\u00e7\u00e3o\u201d. Antes de passar a palavra, Kr\u00fcger rememorou a \u00faltima vez que o colegiado esteve reunido, em Cuiab\u00e1, no in\u00edcio de julho, quando foram feitas diversas videochamadas com senadores da Rep\u00fablica. \u201cCom tantos assuntos para cuidar, esses parlamentares tiraram um tempo para se sentar \u00e0 mesa conosco. Isso ilustra a for\u00e7a do nosso sistema profissional\u201d, considerou.<\/p>\n<p><strong>Programa Mulher e M\u00fatua<\/strong><\/p>\n<p>Ainda pela manh\u00e3, os presidentes dos Creas do Amap\u00e1, eng. civ. Edson Kuwahara, do Distrito Federal, eng. civ. F\u00e1tima C\u00f3, e do Rio Grande do Norte, eng. civ. Ana Adalgisa Paulino, receberam certificado alusivo \u00e0 implanta\u00e7\u00e3o do Programa Mulher no Crea. \u201cCom isso, o Programa est\u00e1 implantado nos 27 Creas\u201d, celebrou Kr\u00fcger.<\/p>\n<p>Tamb\u00e9m foi nesta manh\u00e3 a primeira participa\u00e7\u00e3o do eng. agr. Francisco de Almeida como diretor-presidente da M\u00fatua. \u201cA Caixa de Assist\u00eancia n\u00e3o \u00e9 banco. Nosso objetivo \u00e9 acolher. A Caixa \u00e9 um \u00f3rg\u00e3o de conhecimento, de pec\u00falio de fornecimento de benef\u00edcios. Vamos trabalhar nesse sentido\u201d, pontuou Almeida, que\u00a0tomou posse do novo cargo no \u00faltimo dia 24. At\u00e9 ano passado, Almeida integrava o CP na condi\u00e7\u00e3o de presidente do Crea-GO.<\/p>\n<p>Texto: Equipe de comunica\u00e7\u00e3o do Confea<\/p>\n","protected":false},"excerpt":{"rendered":"<p>Uma nota de pesar e decreto de luto por tr\u00eas reuni\u00f5es do Col\u00e9gio de Presidentes (CP) \u2013 com a bandeira do Brasil a meio mastro \u2013\u00a0foram aprovados por aclama\u00e7\u00e3o na manh\u00e3 dessa quarta-feira (1) durante reuni\u00e3o do colegiado que re\u00fane os dirigentes de todos os Creas e da M\u00fatua. A homenagem se refere ao engenheiro civil Antonio Carlos de Arag\u00e3o, que, ent\u00e3o \u00e0 frente do Crea-PB,\u00a0faleceu no \u00faltimo dia 14 de agosto. Arag\u00e3o foi coordenador do CP em 2019 e 2020. \u201cEle ser\u00e1 o eterno coordenador do CP. Deixou-nos de maneira muito r\u00e1pida e j\u00e1 est\u00e1 fazendo muita falta. Era [&hellip;]<\/p>\n","protected":false},"author":101011,"featured_media":18153,"comment_status":"open","ping_status":"open","sticky":false,"template":"","format":"standard","meta":{"_acf_changed":false,"footnotes":""},"categories":[9],"tags":[],"class_list":["post-18152","post","type-post","status-publish","format-standard","has-post-thumbnail","hentry","category-noticias"],"acf":[],"_links":{"self":[{"href":"https:\/\/creapb.org.br\/site\/wp-json\/wp\/v2\/posts\/18152","targetHints":{"allow":["GET"]}}],"collection":[{"href":"https:\/\/creapb.org.br\/site\/wp-json\/wp\/v2\/posts"}],"about":[{"href":"https:\/\/creapb.org.br\/site\/wp-json\/wp\/v2\/types\/post"}],"author":[{"embeddable":true,"href":"https:\/\/creapb.org.br\/site\/wp-json\/wp\/v2\/users\/101011"}],"replies":[{"embeddable":true,"href":"https:\/\/creapb.org.br\/site\/wp-json\/wp\/v2\/comments?post=18152"}],"version-history":[{"count":2,"href":"https:\/\/creapb.org.br\/site\/wp-json\/wp\/v2\/posts\/18152\/revisions"}],"predecessor-version":[{"id":18155,"href":"https:\/\/creapb.org.br\/site\/wp-json\/wp\/v2\/posts\/18152\/revisions\/18155"}],"wp:featuredmedia":[{"embeddable":true,"href":"https:\/\/creapb.org.br\/site\/wp-json\/wp\/v2\/media\/18153"}],"wp:attachment":[{"href":"https:\/\/creapb.org.br\/site\/wp-json\/wp\/v2\/media?parent=18152"}],"wp:term":[{"taxonomy":"category","embeddable":true,"href":"https:\/\/creapb.org.br\/site\/wp-json\/wp\/v2\/categories?post=18152"},{"taxonomy":"post_tag","embeddable":true,"href":"https:\/\/creapb.org.br\/site\/wp-json\/wp\/v2\/tags?post=18152"}],"curies":[{"name":"wp","href":"https:\/\/api.w.org\/{rel}","templated":true}]}}