{"id":18162,"date":"2021-09-09T08:18:32","date_gmt":"2021-09-09T11:18:32","guid":{"rendered":"http:\/\/creapb.org.br\/?p=18162"},"modified":"2021-09-09T08:18:32","modified_gmt":"2021-09-09T11:18:32","slug":"12o-consenge-comeca-nesta-quinta-feira","status":"publish","type":"post","link":"https:\/\/creapb.org.br\/site\/12o-consenge-comeca-nesta-quinta-feira\/","title":{"rendered":"12\u00ba Consenge come\u00e7a nesta quinta-feira"},"content":{"rendered":"<p>A Federa\u00e7\u00e3o Interestadual de Sindicatos de Engenheiros (Fisenge) realiza o 12\u00ba Congresso Nacional de Sindicatos do Engenheiros (Consenge) entre os dias 9 e 11 de setembro, no Rio de Janeiro. O evento ter\u00e1 como tema central \u201cA engenharia, o sindicalismo, a democracia e a soberania nacional\u201d. Acontecer\u00e1 de forma h\u00edbrida, em modo presencial, no Hotel Mirador, em Copacabana, e virtual, pelo Zoom, de acordo com os protocolos sanit\u00e1rios da pandemia de covid-19. No dia do encerramento, al\u00e9m da Carta do Rio de Janeiro, haver\u00e1 exibi\u00e7\u00e3o do filme A Bolsa ou a Vida, de Silvio Tendler. Todos os protocolos sanit\u00e1rios devido \u00e0 pandemia de COVID-19 ser\u00e3o cumpridos.<\/p>\n<p>O evento conta com patroc\u00ednio da M\u00fatua e apoio do Crea-RJ.<\/p>\n<blockquote><p><strong>Dia 9 \u2013 Abertura<\/strong><\/p><\/blockquote>\n<p>No dia 9, a abertura do evento ser\u00e1 feita pela diretoria da Fisenge, \u00e0s 19h, com palestra magna, \u00e0s 20h, do jornalista Breno Altman, editor e fundador do portal Opera Mundi.<\/p>\n<p>Estar\u00e3o na mesa o presidente da Fisenge, Roberto Freire; do Confea, Joel Kr\u00fcger; o presidente da M\u00fatua, Francisco Almeida; o presidente do Crea-RJ, Luiz Consenza; a diretora da CUT\/RJ e conselheira do Ondas (Observat\u00f3rio Nacional do Direito \u00e0 \u00c1gua e ao Saneamento), Andrea Matos; a presidente da FNA, Eleonora Mascia; o presidente do Senge RJ, Ol\u00edmpio Alves dos Santos; o presidente do Clube de Engenharia, Pedro Celestino; a diretora do Coletivo de Mulheres da Fisenge, Virg\u00ednia Brand\u00e3o e a vice-presidente da Fisenge, Elaine Santana.<\/p>\n<p>De acordo com o engenheiro e presidente da Fisenge, Roberto Freire, o 12\u00ba Consenge ganha relev\u00e2ncia adicional por acontecer em um momento pol\u00edtico e econ\u00f4mico grave para o Brasil, com repercuss\u00f5es cr\u00edticas na engenharia. \u201cDesde 2016, o nosso pa\u00eds passa por reformas neoliberais, como a trabalhista e a previdenci\u00e1ria, que aprofundam problemas sociais, o desemprego e a precariza\u00e7\u00e3o das condi\u00e7\u00f5es de trabalho\u201d, destaca. \u201cCom a pandemia, esta situa\u00e7\u00e3o se agravou, considerando a pol\u00edtica de desmonte do Estado, que acelera as privatiza\u00e7\u00f5es e que teve in\u00edcio com a suspens\u00e3o da pol\u00edtica de conte\u00fado local, medida que desestruturou a ind\u00fastria naval e de petr\u00f3leo e g\u00e1s, afetando diretamente a engenharia. Precisamos nos mobilizar para fortalecer os sindicatos e a organiza\u00e7\u00e3o coletiva dos trabalhadores junto com os movimentos sociais, al\u00e9m de denunciar as pol\u00edticas que atentam contra a soberania nacional e contra o desenvolvimento social.\u201d<\/p>\n<p>Para a engenheira e diretora da Mulher da Fisenge, Virg\u00ednia Brand\u00e3o, \u00e9 fundamental a retomada do desenvolvimento social e econ\u00f4mico do pa\u00eds. \u201cO desemprego, as condi\u00e7\u00f5es prec\u00e1rias de trabalho e os sal\u00e1rios baixos afetam primeiro as mulheres, que tamb\u00e9m acumulam o trabalho dom\u00e9stico no distanciamento social imposto pela pandemia. Precisamos fortalecer a organiza\u00e7\u00e3o dos Coletivos de Mulheres nos estados e ampliar a participa\u00e7\u00e3o das engenheiras nos sindicatos.\u201d<\/p>\n<p><strong>Dia 10 \u2013 Debates e palestras<\/strong><\/p>\n<p>No dia 10, haver\u00e1 Plen\u00e1ria Inicial do Consenge, \u00e0s 8h, para aprova\u00e7\u00e3o do Regimento Interno, seguida por debates dos dois temas de trabalho: \u201cOrganiza\u00e7\u00e3o Sindical\u201d e \u201cResistir e Reconstruir um Brasil Soberano\u201d. As discuss\u00f5es devem percorrer os seguintes eixos norteadores: pol\u00edtica de reestrutura\u00e7\u00e3o sindical; sustentabilidade sindical; o futuro do trabalho e uma revis\u00e3o da reforma trabalhista com foco nas formas de contrata\u00e7\u00e3o; a constru\u00e7\u00e3o de um novo projeto para o Brasil; a retomada dos setores estrat\u00e9gicos brasileiros; e meio ambiente, agricultura e soberania alimentar.<\/p>\n<p>\u00c0s 9h, o economista M\u00e1rcio Pochmann, professor titular da Unicamp e diretor-presidente do Instituto Lula, e o soci\u00f3logo e professor Clemente Ganz L\u00facio, ex-diretor t\u00e9cnico do Departamento de Estudo Socioecon\u00f4micos e Estat\u00edstica (Dieese), far\u00e3o a apresenta\u00e7\u00e3o sobre \u201cOrganiza\u00e7\u00e3o Sindical\u201d, objeto do trabalho em grupo previsto para o in\u00edcio da programa\u00e7\u00e3o da tarde.<\/p>\n<p>\u00c0s 16h10, come\u00e7am as atividades relacionadas ao segundo tema \u2013 Resistir e Reconstruir um Brasil Soberano \u2013, com palestra da economista e cientista social T\u00e2nia Bacelar de Ara\u00fajo, s\u00f3cia da Ceplan-Consultoria Econ\u00f4mica e Planejamento, e do economista Jo\u00e3o Pedro St\u00e9dile, da dire\u00e7\u00e3o nacional do Movimento dos Trabalhadores Rurais Sem Terra (MST).<\/p>\n<p><strong>Dia 11 \u2013 Plen\u00e1ria e document\u00e1rio de Silvio Tendler<\/strong><\/p>\n<p>No dia 11, al\u00e9m do trabalho em grupo sobre o segundo tema em pauta, acontecer\u00e1 a plen\u00e1ria final, para delibera\u00e7\u00e3o de propostas, recomenda\u00e7\u00f5es e mo\u00e7\u00f5es, al\u00e9m da elabora\u00e7\u00e3o da Carta do Rio de Janeiro.<\/p>\n<p>\u00c0s 15h, ser\u00e1 exibido o document\u00e1rio A Bolsa ou a Vida, lan\u00e7amento mais recente do cineasta Silvio Tendler, que participar\u00e1 da sess\u00e3o. O longa-metragem questiona a disputa pela centralidade do desenvolvimento nacional: se o ser humano e a natureza ou o cassino financeiro do mercado.<\/p>\n<p>O 12\u00ba Congresso ser\u00e1 realizado presencialmente no Hotel Mirador (rua Tonelero, 338 \u2013 Copacabana, RJ) e na plataforma ZOOM virtualmente.<\/p>\n<p>Escrito por: Ver\u00f4nica Couto (Fisenge)<\/p>\n","protected":false},"excerpt":{"rendered":"<p>A Federa\u00e7\u00e3o Interestadual de Sindicatos de Engenheiros (Fisenge) realiza o 12\u00ba Congresso Nacional de Sindicatos do Engenheiros (Consenge) entre os dias 9 e 11 de setembro, no Rio de Janeiro. O evento ter\u00e1 como tema central \u201cA engenharia, o sindicalismo, a democracia e a soberania nacional\u201d. Acontecer\u00e1 de forma h\u00edbrida, em modo presencial, no Hotel Mirador, em Copacabana, e virtual, pelo Zoom, de acordo com os protocolos sanit\u00e1rios da pandemia de covid-19. No dia do encerramento, al\u00e9m da Carta do Rio de Janeiro, haver\u00e1 exibi\u00e7\u00e3o do filme A Bolsa ou a Vida, de Silvio Tendler. Todos os protocolos sanit\u00e1rios devido [&hellip;]<\/p>\n","protected":false},"author":101011,"featured_media":18163,"comment_status":"open","ping_status":"open","sticky":false,"template":"","format":"standard","meta":{"_acf_changed":false,"footnotes":""},"categories":[9],"tags":[53,54],"class_list":["post-18162","post","type-post","status-publish","format-standard","has-post-thumbnail","hentry","category-noticias","tag-consenge","tag-fisenge"],"acf":[],"_links":{"self":[{"href":"https:\/\/creapb.org.br\/site\/wp-json\/wp\/v2\/posts\/18162","targetHints":{"allow":["GET"]}}],"collection":[{"href":"https:\/\/creapb.org.br\/site\/wp-json\/wp\/v2\/posts"}],"about":[{"href":"https:\/\/creapb.org.br\/site\/wp-json\/wp\/v2\/types\/post"}],"author":[{"embeddable":true,"href":"https:\/\/creapb.org.br\/site\/wp-json\/wp\/v2\/users\/101011"}],"replies":[{"embeddable":true,"href":"https:\/\/creapb.org.br\/site\/wp-json\/wp\/v2\/comments?post=18162"}],"version-history":[{"count":1,"href":"https:\/\/creapb.org.br\/site\/wp-json\/wp\/v2\/posts\/18162\/revisions"}],"predecessor-version":[{"id":18164,"href":"https:\/\/creapb.org.br\/site\/wp-json\/wp\/v2\/posts\/18162\/revisions\/18164"}],"wp:featuredmedia":[{"embeddable":true,"href":"https:\/\/creapb.org.br\/site\/wp-json\/wp\/v2\/media\/18163"}],"wp:attachment":[{"href":"https:\/\/creapb.org.br\/site\/wp-json\/wp\/v2\/media?parent=18162"}],"wp:term":[{"taxonomy":"category","embeddable":true,"href":"https:\/\/creapb.org.br\/site\/wp-json\/wp\/v2\/categories?post=18162"},{"taxonomy":"post_tag","embeddable":true,"href":"https:\/\/creapb.org.br\/site\/wp-json\/wp\/v2\/tags?post=18162"}],"curies":[{"name":"wp","href":"https:\/\/api.w.org\/{rel}","templated":true}]}}