{"id":18239,"date":"2021-10-14T10:56:54","date_gmt":"2021-10-14T13:56:54","guid":{"rendered":"http:\/\/creapb.org.br\/?p=18239"},"modified":"2021-10-18T08:16:12","modified_gmt":"2021-10-18T11:16:12","slug":"programa-justica-no-sesmt-recebe-contador-e-engenheiro-para-debater-esocial","status":"publish","type":"post","link":"https:\/\/creapb.org.br\/site\/programa-justica-no-sesmt-recebe-contador-e-engenheiro-para-debater-esocial\/","title":{"rendered":"Programa &#8220;Justi\u00e7a no SESMT&#8221; recebe contador e engenheiro para debater eSocial"},"content":{"rendered":"<p>O programa &#8220;Justi\u00e7a no SESMT&#8221;, transmitido pela r\u00e1dio Mangabeira (104,9 FM), recebe neste s\u00e1bado (16), o contador Jocean Lucas de Lucena e o engenheiro Audenor Marinho para debater sobre o eSocial. Apresentado por Sylvio Silomar da Silva Filho, diretor da AEST\/PB e da ANEST, Eng. Ambiental, Eng. de Seguran\u00e7a do Trabalho e Perito da Justi\u00e7a do Trabalho, o programa \u00e9 transmitido todos os s\u00e1bados das 11h \u00e0s 13h.<\/p>\n","protected":false},"excerpt":{"rendered":"<p>O programa &#8220;Justi\u00e7a no SESMT&#8221;, transmitido pela r\u00e1dio Mangabeira (104,9 FM), recebe neste s\u00e1bado (16), o contador Jocean Lucas de Lucena e o engenheiro Audenor Marinho para debater sobre o eSocial. Apresentado por Sylvio Silomar da Silva Filho, diretor da AEST\/PB e da ANEST, Eng. Ambiental, Eng. de Seguran\u00e7a do Trabalho e Perito da Justi\u00e7a do Trabalho, o programa \u00e9 transmitido todos os s\u00e1bados das 11h \u00e0s 13h.<\/p>\n","protected":false},"author":101011,"featured_media":18240,"comment_status":"open","ping_status":"open","sticky":false,"template":"","format":"standard","meta":{"_acf_changed":false,"footnotes":""},"categories":[8],"tags":[],"class_list":["post-18239","post","type-post","status-publish","format-standard","has-post-thumbnail","hentry","category-ultimos-eventos"],"acf":[],"_links":{"self":[{"href":"https:\/\/creapb.org.br\/site\/wp-json\/wp\/v2\/posts\/18239","targetHints":{"allow":["GET"]}}],"collection":[{"href":"https:\/\/creapb.org.br\/site\/wp-json\/wp\/v2\/posts"}],"about":[{"href":"https:\/\/creapb.org.br\/site\/wp-json\/wp\/v2\/types\/post"}],"author":[{"embeddable":true,"href":"https:\/\/creapb.org.br\/site\/wp-json\/wp\/v2\/users\/101011"}],"replies":[{"embeddable":true,"href":"https:\/\/creapb.org.br\/site\/wp-json\/wp\/v2\/comments?post=18239"}],"version-history":[{"count":1,"href":"https:\/\/creapb.org.br\/site\/wp-json\/wp\/v2\/posts\/18239\/revisions"}],"predecessor-version":[{"id":18241,"href":"https:\/\/creapb.org.br\/site\/wp-json\/wp\/v2\/posts\/18239\/revisions\/18241"}],"wp:featuredmedia":[{"embeddable":true,"href":"https:\/\/creapb.org.br\/site\/wp-json\/wp\/v2\/media\/18240"}],"wp:attachment":[{"href":"https:\/\/creapb.org.br\/site\/wp-json\/wp\/v2\/media?parent=18239"}],"wp:term":[{"taxonomy":"category","embeddable":true,"href":"https:\/\/creapb.org.br\/site\/wp-json\/wp\/v2\/categories?post=18239"},{"taxonomy":"post_tag","embeddable":true,"href":"https:\/\/creapb.org.br\/site\/wp-json\/wp\/v2\/tags?post=18239"}],"curies":[{"name":"wp","href":"https:\/\/api.w.org\/{rel}","templated":true}]}}