{"id":18354,"date":"2021-12-10T10:12:10","date_gmt":"2021-12-10T13:12:10","guid":{"rendered":"http:\/\/creapb.org.br\/?p=18354"},"modified":"2021-12-29T08:08:50","modified_gmt":"2021-12-29T11:08:50","slug":"crea-pb-inicia-implantacao-da-tos","status":"publish","type":"post","link":"https:\/\/creapb.org.br\/site\/crea-pb-inicia-implantacao-da-tos\/","title":{"rendered":"Crea-PB inicia implanta\u00e7\u00e3o da TOS"},"content":{"rendered":"<p>O Crea-PB inicia neste m\u00eas de dezembro a implanta\u00e7\u00e3o da TOS &#8211; Tabela de Obras e Servi\u00e7os \u2013, normatizada pelo Confea por meio das Decis\u00f5es Plen\u00e1rias PL n\u00ba 0430\/2018 e 1853\/2018. Em breve este ser\u00e1 o novo sistema de registro de ARTs no Conselho.<\/p>\n<p>Com a padroniza\u00e7\u00e3o dos tipos de obras e servi\u00e7os, a ado\u00e7\u00e3o da TOS \u00e9 obrigat\u00f3ria para todos os Creas. O objetivo \u00e9 uniformizar o procedimento para o registro de ARTs.<\/p>\n<p>A TOS \u00e9 estruturada em quatro colunas: grupo, subgrupo, obras e servi\u00e7os e complemento, com os campos para sele\u00e7\u00e3o das atividades para as quais o profissional possui atribui\u00e7\u00e3o conforme seu t\u00edtulo profissional, trazendo mais seguran\u00e7a no preenchimento da ART.<\/p>\n<p>Os n\u00edveis de atividades tamb\u00e9m foram padronizados pelo Confea, que definiu os \u201cn\u00edveis de atua\u00e7\u00e3o\u201d e \u201catividades\u201d por meio da <a href=\"https:\/\/normativos.confea.org.br\/downloads\/anexo\/2045-18.pdf\">Decis\u00e3o PL-2045\/2018<\/a>\u00a0, com gloss\u00e1rio no <a href=\"https:\/\/normativos.confea.org.br\/downloads\/anexo\/1073-16.pdf\">anexo da Resolu\u00e7\u00e3o 1073<\/a> para facilitar o entendimento do profissional.<\/p>\n<p>Para conhecer a TOS e ir se familiarizando com as novas descri\u00e7\u00f5es de obras e servi\u00e7os de sua forma\u00e7\u00e3o profissional, <a href=\"http:\/\/transparencia.confea.org.br\/wp-content\/uploads\/2018\/01\/Anexo-Delib.016.2018-CONP-TOS-nacional.pdf\">clique aqui<\/a>. A TOS abrir\u00e1 no formato PDF.<\/p>\n","protected":false},"excerpt":{"rendered":"<p>O Crea-PB inicia neste m\u00eas de dezembro a implanta\u00e7\u00e3o da TOS &#8211; Tabela de Obras e Servi\u00e7os \u2013, normatizada pelo Confea por meio das Decis\u00f5es Plen\u00e1rias PL n\u00ba 0430\/2018 e 1853\/2018. Em breve este ser\u00e1 o novo sistema de registro de ARTs no Conselho. Com a padroniza\u00e7\u00e3o dos tipos de obras e servi\u00e7os, a ado\u00e7\u00e3o da TOS \u00e9 obrigat\u00f3ria para todos os Creas. O objetivo \u00e9 uniformizar o procedimento para o registro de ARTs. A TOS \u00e9 estruturada em quatro colunas: grupo, subgrupo, obras e servi\u00e7os e complemento, com os campos para sele\u00e7\u00e3o das atividades para as quais o profissional [&hellip;]<\/p>\n","protected":false},"author":101011,"featured_media":17678,"comment_status":"open","ping_status":"open","sticky":false,"template":"","format":"standard","meta":{"_acf_changed":false,"footnotes":""},"categories":[9],"tags":[107],"class_list":["post-18354","post","type-post","status-publish","format-standard","has-post-thumbnail","hentry","category-noticias","tag-tos"],"acf":[],"_links":{"self":[{"href":"https:\/\/creapb.org.br\/site\/wp-json\/wp\/v2\/posts\/18354","targetHints":{"allow":["GET"]}}],"collection":[{"href":"https:\/\/creapb.org.br\/site\/wp-json\/wp\/v2\/posts"}],"about":[{"href":"https:\/\/creapb.org.br\/site\/wp-json\/wp\/v2\/types\/post"}],"author":[{"embeddable":true,"href":"https:\/\/creapb.org.br\/site\/wp-json\/wp\/v2\/users\/101011"}],"replies":[{"embeddable":true,"href":"https:\/\/creapb.org.br\/site\/wp-json\/wp\/v2\/comments?post=18354"}],"version-history":[{"count":2,"href":"https:\/\/creapb.org.br\/site\/wp-json\/wp\/v2\/posts\/18354\/revisions"}],"predecessor-version":[{"id":18379,"href":"https:\/\/creapb.org.br\/site\/wp-json\/wp\/v2\/posts\/18354\/revisions\/18379"}],"wp:featuredmedia":[{"embeddable":true,"href":"https:\/\/creapb.org.br\/site\/wp-json\/wp\/v2\/media\/17678"}],"wp:attachment":[{"href":"https:\/\/creapb.org.br\/site\/wp-json\/wp\/v2\/media?parent=18354"}],"wp:term":[{"taxonomy":"category","embeddable":true,"href":"https:\/\/creapb.org.br\/site\/wp-json\/wp\/v2\/categories?post=18354"},{"taxonomy":"post_tag","embeddable":true,"href":"https:\/\/creapb.org.br\/site\/wp-json\/wp\/v2\/tags?post=18354"}],"curies":[{"name":"wp","href":"https:\/\/api.w.org\/{rel}","templated":true}]}}