{"id":20875,"date":"2023-11-24T12:41:25","date_gmt":"2023-11-24T15:41:25","guid":{"rendered":"https:\/\/creapb.org.br\/?p=20875"},"modified":"2023-11-24T12:41:25","modified_gmt":"2023-11-24T15:41:25","slug":"crea-pb-faz-fiscalizacao-conjunta-com-anm-decorrente-de-act-com-confea","status":"publish","type":"post","link":"https:\/\/creapb.org.br\/site\/crea-pb-faz-fiscalizacao-conjunta-com-anm-decorrente-de-act-com-confea\/","title":{"rendered":"Crea-PB faz fiscaliza\u00e7\u00e3o conjunta com ANM decorrente de ACT com Confea"},"content":{"rendered":"\n<figure class=\"wp-block-image size-large\"><img fetchpriority=\"high\" decoding=\"async\" width=\"1024\" height=\"768\" src=\"https:\/\/creapb.org.br\/site\/wp-content\/uploads\/2023\/11\/crea_pb_anm_sabugi-1024x768.jpg\" alt=\"\" class=\"wp-image-20876\" srcset=\"https:\/\/creapb.org.br\/site\/wp-content\/uploads\/2023\/11\/crea_pb_anm_sabugi-1024x768.jpg 1024w, https:\/\/creapb.org.br\/site\/wp-content\/uploads\/2023\/11\/crea_pb_anm_sabugi-300x225.jpg 300w, https:\/\/creapb.org.br\/site\/wp-content\/uploads\/2023\/11\/crea_pb_anm_sabugi-768x576.jpg 768w, https:\/\/creapb.org.br\/site\/wp-content\/uploads\/2023\/11\/crea_pb_anm_sabugi-1536x1152.jpg 1536w, https:\/\/creapb.org.br\/site\/wp-content\/uploads\/2023\/11\/crea_pb_anm_sabugi.jpg 1600w\" sizes=\"(max-width: 1024px) 100vw, 1024px\" \/><figcaption class=\"wp-element-caption\">Fiscaliza\u00e7\u00e3o conjunta do Crea-PB e da ANM na minera\u00e7\u00e3o Yay Ltda, no munic\u00edpio de \u00a0S\u00e3o Jos\u00e9 do Sabugi, fruto de Acordo de Coopera\u00e7\u00e3o T\u00e9cnica firmado entre a ag\u00eancia e o Confea<\/figcaption><\/figure>\n\n\n\n<p>Firmado em agosto do ano passado, o\u00a0<a href=\"https:\/\/www.confea.org.br\/confea-e-agencia-nacional-de-mineracao-se-unem-no-combate-informalidade\">Acordo de Coopera\u00e7\u00e3o T\u00e9cnica entre o Confea e a Ag\u00eancia Nacional de Minera\u00e7\u00e3o (ANM)<\/a>\u00a0gerou uma fiscaliza\u00e7\u00e3o conjunta, conduzida pelo Crea-PB na Minera\u00e7\u00e3o Yayu Ltda, em S\u00e3o Jos\u00e9 do Sabugi, e na Pedreiras Brasil Ltda, no munic\u00edpio de Junco do Serid\u00f3, no in\u00edcio de novembro. Subscrito por 24 regionais, o ACT visa ao compartilhamento de dados e \u00e0 constru\u00e7\u00e3o de conhecimento na fiscaliza\u00e7\u00e3o do exerc\u00edcio profissional das atividades da Geologia e da Engenharia de Minas. Em mudan\u00e7a na constitui\u00e7\u00e3o do regional aprovada pelo plen\u00e1rio do Confea nesta quinta-feira (23\/11), durante as discuss\u00f5es da renova\u00e7\u00e3o do Ter\u00e7o dos regionais, a c\u00e2mara regional da \u00e1rea ser\u00e1 mantida em 2024.<\/p>\n\n\n\n<figure class=\"wp-block-image size-large\"><img decoding=\"async\" width=\"768\" height=\"1024\" src=\"https:\/\/creapb.org.br\/site\/wp-content\/uploads\/2023\/11\/crea_pb_anm_sabugi_vert3-768x1024.jpg\" alt=\"\" class=\"wp-image-20877\" srcset=\"https:\/\/creapb.org.br\/site\/wp-content\/uploads\/2023\/11\/crea_pb_anm_sabugi_vert3-768x1024.jpg 768w, https:\/\/creapb.org.br\/site\/wp-content\/uploads\/2023\/11\/crea_pb_anm_sabugi_vert3-225x300.jpg 225w, https:\/\/creapb.org.br\/site\/wp-content\/uploads\/2023\/11\/crea_pb_anm_sabugi_vert3.jpg 960w\" sizes=\"(max-width: 768px) 100vw, 768px\" \/><figcaption class=\"wp-element-caption\">Fiscais do Crea e da ANM durante a a\u00e7\u00e3o<\/figcaption><\/figure>\n\n\n\n<p>Segundo o coordenador nacional das coordenadorias especializadas de Geologia e Engenharia de Minas (CCEGEM), eng. minas Wenderson Laverrier Ara\u00fajo Melo, a iniciativa do Crea-PB foi a primeira fiscaliza\u00e7\u00e3o realizada em decorr\u00eancia do ACT. \u201cNesse primeiro ano, estamos vendo boas mobiliza\u00e7\u00f5es tamb\u00e9m nos Creas Santa Catarina, Sergipe e Mato Grosso, mas no Crea-PB podemos realizar a primeira fiscaliza\u00e7\u00e3o com a ANM, dentro de uma comiss\u00e3o bipartite, considerando o boom muito grande de energias renov\u00e1veis, em algumas empresas de constru\u00e7\u00e3o civil que forneciam britas e areias. Eram muitas ARTs [Anota\u00e7\u00f5es de Responsabilidade T\u00e9cnica], todas estavam em dia\u201d, comentou, informando que o desenvolvimento de um software para o aprimoramento da fiscaliza\u00e7\u00e3o est\u00e1 sendo compartilhado entre as entidades.<br>Coordenador da c\u00e2mara de Engenharia de Minas e Geologia do Regional paraibano, Wenderson ressalta a import\u00e2ncia da atua\u00e7\u00e3o da 1\u00aa vice- presidente \u00a0do Crea-PB, eng. civ. Carmem Eleon\u00f4ra Amorim, em prol da fiscaliza\u00e7\u00e3o conjunta e tamb\u00e9m da manuten\u00e7\u00e3o da c\u00e2mara no regional. \u201cFizemos um trabalho de convencimento com os conselheiros, \u00a0demonstrando a import\u00e2ncia de manter a atua\u00e7\u00e3o da c\u00e2mara. Assim, o Clube de Engenharia da Para\u00edba teve grande import\u00e2ncia no pleno, quando abriu m\u00e3o de uma de suas vagas no plen\u00e1rio \u00e0 Associa\u00e7\u00e3o dos Engenheiros de Minas no Estado da Para\u00edba e, ao lado de uma vaga das institui\u00e7\u00f5es de ensino, ocupada pela Universidade Federal de Campina Grande, conseguimos manter a c\u00e2mara, o que ser\u00e1 fundamental para o cumprimento do ACT e a fiscaliza\u00e7\u00e3o da \u00e1rea no Estado\u201d, descreve.\u00a0<\/p>\n\n\n\n<p><strong>Fiscaliza\u00e7\u00e3o<\/strong><br>Presente \u00e0 aprova\u00e7\u00e3o da constitui\u00e7\u00e3o do plen\u00e1rio paraibano para o exerc\u00edcio de 2024, no plen\u00e1rio do Confea, a agora 1\u00aa vice- presidente \u00a0do Crea-PB considera que a decis\u00e3o do plen\u00e1rio do Confea atende \u00e0s expectativas dos profissionais paraibanos, reconhecendo a import\u00e2ncia da Geologia e Engenharia de Minas no atual momento do Estado. Ela destaca a realiza\u00e7\u00e3o do 3\u00ba semin\u00e1rio de Fiscaliza\u00e7\u00e3o do Crea-PB, na cidade de Pombal, em outubro, e ainda a atualiza\u00e7\u00e3o dos manuais de fiscaliza\u00e7\u00e3o das c\u00e2maras, como demonstra\u00e7\u00f5es da preocupa\u00e7\u00e3o com a fiscaliza\u00e7\u00e3o no Regional.<\/p>\n\n\n\n<figure class=\"wp-block-image size-large\"><img decoding=\"async\" width=\"1024\" height=\"682\" src=\"https:\/\/creapb.org.br\/site\/wp-content\/uploads\/2023\/11\/crea_pb_carmem_andrea-1024x682.jpg\" alt=\"\" class=\"wp-image-20878\" srcset=\"https:\/\/creapb.org.br\/site\/wp-content\/uploads\/2023\/11\/crea_pb_carmem_andrea-1024x682.jpg 1024w, https:\/\/creapb.org.br\/site\/wp-content\/uploads\/2023\/11\/crea_pb_carmem_andrea-300x200.jpg 300w, https:\/\/creapb.org.br\/site\/wp-content\/uploads\/2023\/11\/crea_pb_carmem_andrea-768x512.jpg 768w, https:\/\/creapb.org.br\/site\/wp-content\/uploads\/2023\/11\/crea_pb_carmem_andrea-1536x1023.jpg 1536w, https:\/\/creapb.org.br\/site\/wp-content\/uploads\/2023\/11\/crea_pb_carmem_andrea-2048x1364.jpg 2048w\" sizes=\"(max-width: 1024px) 100vw, 1024px\" \/><figcaption class=\"wp-element-caption\">Conselheira Andr\u00e9a Brondani e vice-presidente do Crea-PB, Carmem Elon\u00f4nora Amorim, durante a plen\u00e1ria do Confea<\/figcaption><\/figure>\n\n\n\n<p>\u201cH\u00e1 realmente um crescimento dessa \u00e1rea da Geologia e Minas, e precisamos intensificar essa fiscaliza\u00e7\u00e3o. Essa foi uma preocupa\u00e7\u00e3o ao longo do exerc\u00edcio como 1\u00aa vice-presidente, coordenando a fiscaliza\u00e7\u00e3o, levando todos os coordenadores e diretores para o campo, como fizemos nessas a\u00e7\u00f5es\u201d, explica Carmem Eleon\u00f4ra Amorim, que acompanhou a primeira reuni\u00e3o ao lado de Wenderson Laverrier e do gerente regional da Ag\u00eancia Nacional de Minera\u00e7\u00e3o na Para\u00edba, eng. de minas Arnaldo Bezerra Lopes de Almeida, entre outros integrantes das entidades.<\/p>\n\n\n\n<p>  No local das atividades de minera\u00e7\u00e3o, os respons\u00e1veis pelas empresas foram informados sobre o ACT para fiscaliza\u00e7\u00e3o conjunta, pelo Crea\/PB e ANM, nos ramos atividades de Engenharia Minas e Geologia e profissionais afins. \u201cA fiscaliza\u00e7\u00e3o foi composta ainda pelo ge\u00f3logo S\u00e9rgio de Farias Ten\u00f3rio; pelo gerente de Fiscaliza\u00e7\u00e3o, Raimundo Nonato Lopes de Sousa, e pelo subgerente de Fiscaliza\u00e7\u00e3o, Josemar Souza do Nascimento, al\u00e9m de agentes fiscais da Inspetoria de Campina Grande (ICG)\u201d, informou a presidente em exerc\u00edcio do regional paraibano.<\/p>\n","protected":false},"excerpt":{"rendered":"<p>Firmado em agosto do ano passado, o\u00a0Acordo de Coopera\u00e7\u00e3o T\u00e9cnica entre o Confea e a Ag\u00eancia Nacional de Minera\u00e7\u00e3o (ANM)\u00a0gerou uma fiscaliza\u00e7\u00e3o conjunta, conduzida pelo Crea-PB na Minera\u00e7\u00e3o Yayu Ltda, em S\u00e3o Jos\u00e9 do Sabugi, e na Pedreiras Brasil Ltda, no munic\u00edpio de Junco do Serid\u00f3, no in\u00edcio de novembro. Subscrito por 24 regionais, o ACT visa ao compartilhamento de dados e \u00e0 constru\u00e7\u00e3o de conhecimento na fiscaliza\u00e7\u00e3o do exerc\u00edcio profissional das atividades da Geologia e da Engenharia de Minas. Em mudan\u00e7a na constitui\u00e7\u00e3o do regional aprovada pelo plen\u00e1rio do Confea nesta quinta-feira (23\/11), durante as discuss\u00f5es da renova\u00e7\u00e3o do [&hellip;]<\/p>\n","protected":false},"author":101014,"featured_media":20876,"comment_status":"open","ping_status":"open","sticky":false,"template":"","format":"standard","meta":{"_acf_changed":false,"footnotes":""},"categories":[9],"tags":[],"class_list":["post-20875","post","type-post","status-publish","format-standard","has-post-thumbnail","hentry","category-noticias"],"acf":[],"_links":{"self":[{"href":"https:\/\/creapb.org.br\/site\/wp-json\/wp\/v2\/posts\/20875","targetHints":{"allow":["GET"]}}],"collection":[{"href":"https:\/\/creapb.org.br\/site\/wp-json\/wp\/v2\/posts"}],"about":[{"href":"https:\/\/creapb.org.br\/site\/wp-json\/wp\/v2\/types\/post"}],"author":[{"embeddable":true,"href":"https:\/\/creapb.org.br\/site\/wp-json\/wp\/v2\/users\/101014"}],"replies":[{"embeddable":true,"href":"https:\/\/creapb.org.br\/site\/wp-json\/wp\/v2\/comments?post=20875"}],"version-history":[{"count":1,"href":"https:\/\/creapb.org.br\/site\/wp-json\/wp\/v2\/posts\/20875\/revisions"}],"predecessor-version":[{"id":20879,"href":"https:\/\/creapb.org.br\/site\/wp-json\/wp\/v2\/posts\/20875\/revisions\/20879"}],"wp:featuredmedia":[{"embeddable":true,"href":"https:\/\/creapb.org.br\/site\/wp-json\/wp\/v2\/media\/20876"}],"wp:attachment":[{"href":"https:\/\/creapb.org.br\/site\/wp-json\/wp\/v2\/media?parent=20875"}],"wp:term":[{"taxonomy":"category","embeddable":true,"href":"https:\/\/creapb.org.br\/site\/wp-json\/wp\/v2\/categories?post=20875"},{"taxonomy":"post_tag","embeddable":true,"href":"https:\/\/creapb.org.br\/site\/wp-json\/wp\/v2\/tags?post=20875"}],"curies":[{"name":"wp","href":"https:\/\/api.w.org\/{rel}","templated":true}]}}