{"id":21463,"date":"2024-03-21T15:12:09","date_gmt":"2024-03-21T18:12:09","guid":{"rendered":"https:\/\/creapb.org.br\/?p=21463"},"modified":"2024-03-21T15:12:09","modified_gmt":"2024-03-21T18:12:09","slug":"crea-pb-participa-do-19o-congresso-brasileiro-de-pregoeiros-e-agentes-de-contratacao-cbp","status":"publish","type":"post","link":"https:\/\/creapb.org.br\/site\/crea-pb-participa-do-19o-congresso-brasileiro-de-pregoeiros-e-agentes-de-contratacao-cbp\/","title":{"rendered":"Crea-PB participa do 19\u00ba Congresso Brasileiro de Pregoeiros e Agentes de Contrata\u00e7\u00e3o (CBP)"},"content":{"rendered":"\n<p>O gerente de compras e aquisi\u00e7\u00f5es do Conselho Regional de Engenharia e Agronomia da Para\u00edba (Crea-PB), St\u00eanio Veras, e o gerente de projetos, S\u00e9rgio Quirino, est\u00e3o em Foz do Igua\u00e7u, Paran\u00e1, nesta semana para participarem ativamente e adquirirem conhecimento no 19\u00ba Congresso Brasileiro de Pregoeiros e Agentes de Contrata\u00e7\u00e3o (CBP).<\/p>\n\n\n\n<p>O CBP \u00e9 um evento de grande relev\u00e2ncia para os profissionais respons\u00e1veis por processos licitat\u00f3rios e contrata\u00e7\u00f5es p\u00fablicas, como \u00e9 o caso dos representantes do Crea-PB. Durante o congresso, ser\u00e3o discutidos temas atuais e relevantes relacionados \u00e0s compras p\u00fablicas, al\u00e9m de ser uma excelente oportunidade para networking e troca de experi\u00eancias com outros profissionais da \u00e1rea.<\/p>\n\n\n\n<p>A participa\u00e7\u00e3o de St\u00eanio Veras e S\u00e9rgio Quirino no CBP demonstra o comprometimento do Crea-PB com a atualiza\u00e7\u00e3o e aprimoramento constante de seus colaboradores, visando sempre \u00e0 excel\u00eancia na gest\u00e3o de compras e contrata\u00e7\u00f5es, garantindo a transpar\u00eancia e a efici\u00eancia nos processos\u00a0do\u00a0conselho.<\/p>\n\n\n\n<figure class=\"wp-block-gallery has-nested-images columns-default is-cropped wp-block-gallery-1 is-layout-flex wp-block-gallery-is-layout-flex\">\n<figure class=\"wp-block-image size-large\"><img fetchpriority=\"high\" decoding=\"async\" width=\"1024\" height=\"768\" data-id=\"21465\" src=\"https:\/\/creapb.org.br\/site\/wp-content\/uploads\/2024\/03\/147-1024x768.jpg\" alt=\"\" class=\"wp-image-21465\" srcset=\"https:\/\/creapb.org.br\/site\/wp-content\/uploads\/2024\/03\/147-1024x768.jpg 1024w, https:\/\/creapb.org.br\/site\/wp-content\/uploads\/2024\/03\/147-300x225.jpg 300w, https:\/\/creapb.org.br\/site\/wp-content\/uploads\/2024\/03\/147-768x576.jpg 768w, https:\/\/creapb.org.br\/site\/wp-content\/uploads\/2024\/03\/147.jpg 1280w\" sizes=\"(max-width: 1024px) 100vw, 1024px\" \/><\/figure>\n\n\n\n<figure class=\"wp-block-image size-large\"><img decoding=\"async\" width=\"1024\" height=\"768\" data-id=\"21466\" src=\"https:\/\/creapb.org.br\/site\/wp-content\/uploads\/2024\/03\/148-1024x768.jpg\" alt=\"\" class=\"wp-image-21466\" srcset=\"https:\/\/creapb.org.br\/site\/wp-content\/uploads\/2024\/03\/148-1024x768.jpg 1024w, https:\/\/creapb.org.br\/site\/wp-content\/uploads\/2024\/03\/148-300x225.jpg 300w, https:\/\/creapb.org.br\/site\/wp-content\/uploads\/2024\/03\/148-768x576.jpg 768w, https:\/\/creapb.org.br\/site\/wp-content\/uploads\/2024\/03\/148.jpg 1280w\" sizes=\"(max-width: 1024px) 100vw, 1024px\" \/><\/figure>\n\n\n\n<figure class=\"wp-block-image size-large\"><img decoding=\"async\" width=\"1024\" height=\"768\" data-id=\"21467\" src=\"https:\/\/creapb.org.br\/site\/wp-content\/uploads\/2024\/03\/149-1024x768.jpg\" alt=\"\" class=\"wp-image-21467\" srcset=\"https:\/\/creapb.org.br\/site\/wp-content\/uploads\/2024\/03\/149-1024x768.jpg 1024w, https:\/\/creapb.org.br\/site\/wp-content\/uploads\/2024\/03\/149-300x225.jpg 300w, https:\/\/creapb.org.br\/site\/wp-content\/uploads\/2024\/03\/149-768x576.jpg 768w, https:\/\/creapb.org.br\/site\/wp-content\/uploads\/2024\/03\/149.jpg 1280w\" sizes=\"(max-width: 1024px) 100vw, 1024px\" \/><\/figure>\n<figcaption class=\"blocks-gallery-caption wp-element-caption\">Crea-PB em participa\u00e7\u00e3o no 19\u00ba Congresso Brasileiro de Pregoeiros e Agentes de Contrata\u00e7\u00e3o (CBP).<\/figcaption><\/figure>\n","protected":false},"excerpt":{"rendered":"<p>O gerente de compras e aquisi\u00e7\u00f5es do Conselho Regional de Engenharia e Agronomia da Para\u00edba (Crea-PB), St\u00eanio Veras, e o gerente de projetos, S\u00e9rgio Quirino, est\u00e3o em Foz do Igua\u00e7u, Paran\u00e1, nesta semana para participarem ativamente e adquirirem conhecimento no 19\u00ba Congresso Brasileiro de Pregoeiros e Agentes de Contrata\u00e7\u00e3o (CBP). O CBP \u00e9 um evento de grande relev\u00e2ncia para os profissionais respons\u00e1veis por processos licitat\u00f3rios e contrata\u00e7\u00f5es p\u00fablicas, como \u00e9 o caso dos representantes do Crea-PB. Durante o congresso, ser\u00e3o discutidos temas atuais e relevantes relacionados \u00e0s compras p\u00fablicas, al\u00e9m de ser uma excelente oportunidade para networking e troca de [&hellip;]<\/p>\n","protected":false},"author":101014,"featured_media":21464,"comment_status":"open","ping_status":"open","sticky":false,"template":"","format":"standard","meta":{"_acf_changed":false,"footnotes":""},"categories":[9],"tags":[],"class_list":["post-21463","post","type-post","status-publish","format-standard","has-post-thumbnail","hentry","category-noticias"],"acf":[],"_links":{"self":[{"href":"https:\/\/creapb.org.br\/site\/wp-json\/wp\/v2\/posts\/21463","targetHints":{"allow":["GET"]}}],"collection":[{"href":"https:\/\/creapb.org.br\/site\/wp-json\/wp\/v2\/posts"}],"about":[{"href":"https:\/\/creapb.org.br\/site\/wp-json\/wp\/v2\/types\/post"}],"author":[{"embeddable":true,"href":"https:\/\/creapb.org.br\/site\/wp-json\/wp\/v2\/users\/101014"}],"replies":[{"embeddable":true,"href":"https:\/\/creapb.org.br\/site\/wp-json\/wp\/v2\/comments?post=21463"}],"version-history":[{"count":1,"href":"https:\/\/creapb.org.br\/site\/wp-json\/wp\/v2\/posts\/21463\/revisions"}],"predecessor-version":[{"id":21468,"href":"https:\/\/creapb.org.br\/site\/wp-json\/wp\/v2\/posts\/21463\/revisions\/21468"}],"wp:featuredmedia":[{"embeddable":true,"href":"https:\/\/creapb.org.br\/site\/wp-json\/wp\/v2\/media\/21464"}],"wp:attachment":[{"href":"https:\/\/creapb.org.br\/site\/wp-json\/wp\/v2\/media?parent=21463"}],"wp:term":[{"taxonomy":"category","embeddable":true,"href":"https:\/\/creapb.org.br\/site\/wp-json\/wp\/v2\/categories?post=21463"},{"taxonomy":"post_tag","embeddable":true,"href":"https:\/\/creapb.org.br\/site\/wp-json\/wp\/v2\/tags?post=21463"}],"curies":[{"name":"wp","href":"https:\/\/api.w.org\/{rel}","templated":true}]}}