{"id":21636,"date":"2024-04-19T11:17:28","date_gmt":"2024-04-19T14:17:28","guid":{"rendered":"https:\/\/creapb.org.br\/?p=21636"},"modified":"2024-04-19T11:17:28","modified_gmt":"2024-04-19T14:17:28","slug":"crea-pb-realiza-curso-de-licitacao-e-formalizacao-de-processo","status":"publish","type":"post","link":"https:\/\/creapb.org.br\/site\/crea-pb-realiza-curso-de-licitacao-e-formalizacao-de-processo\/","title":{"rendered":"Crea-PB realiza curso de licita\u00e7\u00e3o e formaliza\u00e7\u00e3o de processo"},"content":{"rendered":"\n<p>Na \u00faltima semana, entre os dias 15 e 16 de abril, foi realizado no plen\u00e1rio eng. civ. Raimundo Adolfo, o &#8220;curso pr\u00e1tico de licita\u00e7\u00e3o, formaliza\u00e7\u00e3o do processo e oficina compras.gov&#8221; ministrado pelo professor Leonardo Mota.<\/p>\n\n\n\n<p>O curso tamb\u00e9m contou com a participa\u00e7\u00e3o de representantes do Crea-RN.<\/p>\n\n\n\n<p>Leonardo trouxe para os participantes a pr\u00e1tica na formaliza\u00e7\u00e3o do processo de contrata\u00e7\u00e3o direta e todo o seu planejamento. Al\u00e9m disso, o curso contou com uma oficina sobre dispensa eletr\u00f4nica, n\u00e3o eletr\u00f4nica e preg\u00e3o no compras.gov, com alimenta\u00e7\u00e3o da contrata\u00e7\u00e3o no PNCP.<\/p>\n\n\n\n<p>O Crea-PB, sob a gest\u00e3o de Renan Azevedo, reafirma o compromisso em promover a excel\u00eancia na presta\u00e7\u00e3o de servi\u00e7os, aprimorar o ambiente de atua\u00e7\u00e3o dos profissionais e contribuir significativamente para o progresso do setor da Engenharia, Agronomia e Geoci\u00eancias\u00a0na\u00a0Para\u00edba.<\/p>\n\n\n\n<figure class=\"wp-block-gallery has-nested-images columns-default is-cropped wp-block-gallery-1 is-layout-flex wp-block-gallery-is-layout-flex\">\n<figure class=\"wp-block-image size-large\"><img fetchpriority=\"high\" decoding=\"async\" width=\"768\" height=\"1024\" data-id=\"21649\" src=\"https:\/\/creapb.org.br\/site\/wp-content\/uploads\/2024\/04\/2-2-768x1024.jpg\" alt=\"\" class=\"wp-image-21649\" srcset=\"https:\/\/creapb.org.br\/site\/wp-content\/uploads\/2024\/04\/2-2-768x1024.jpg 768w, https:\/\/creapb.org.br\/site\/wp-content\/uploads\/2024\/04\/2-2-225x300.jpg 225w, https:\/\/creapb.org.br\/site\/wp-content\/uploads\/2024\/04\/2-2-1152x1536.jpg 1152w, https:\/\/creapb.org.br\/site\/wp-content\/uploads\/2024\/04\/2-2.jpg 1200w\" sizes=\"(max-width: 768px) 100vw, 768px\" \/><\/figure>\n\n\n\n<figure class=\"wp-block-image size-large\"><img decoding=\"async\" width=\"1200\" height=\"1600\" data-id=\"21647\" src=\"https:\/\/creapb.org.br\/site\/wp-content\/uploads\/2024\/04\/4-768x1024.jpg\" alt=\"\" class=\"wp-image-21647\" srcset=\"https:\/\/creapb.org.br\/site\/wp-content\/uploads\/2024\/04\/4-768x1024.jpg 768w, https:\/\/creapb.org.br\/site\/wp-content\/uploads\/2024\/04\/4-225x300.jpg 225w, https:\/\/creapb.org.br\/site\/wp-content\/uploads\/2024\/04\/4-1152x1536.jpg 1152w, https:\/\/creapb.org.br\/site\/wp-content\/uploads\/2024\/04\/4.jpg 1200w\" sizes=\"(max-width: 1200px) 100vw, 1200px\" \/><\/figure>\n\n\n\n<figure class=\"wp-block-image size-large\"><img decoding=\"async\" width=\"768\" height=\"1024\" data-id=\"21644\" src=\"https:\/\/creapb.org.br\/site\/wp-content\/uploads\/2024\/04\/1-1-768x1024.jpg\" alt=\"\" class=\"wp-image-21644\" srcset=\"https:\/\/creapb.org.br\/site\/wp-content\/uploads\/2024\/04\/1-1-768x1024.jpg 768w, https:\/\/creapb.org.br\/site\/wp-content\/uploads\/2024\/04\/1-1-225x300.jpg 225w, https:\/\/creapb.org.br\/site\/wp-content\/uploads\/2024\/04\/1-1-1152x1536.jpg 1152w, https:\/\/creapb.org.br\/site\/wp-content\/uploads\/2024\/04\/1-1.jpg 1200w\" sizes=\"(max-width: 768px) 100vw, 768px\" \/><\/figure>\n<figcaption class=\"blocks-gallery-caption wp-element-caption\">Servidores do Crea-PB em curso de licita\u00e7\u00e3o e formaliza\u00e7\u00e3o de processo.<\/figcaption><\/figure>\n","protected":false},"excerpt":{"rendered":"<p>Na \u00faltima semana, entre os dias 15 e 16 de abril, foi realizado no plen\u00e1rio eng. civ. Raimundo Adolfo, o &#8220;curso pr\u00e1tico de licita\u00e7\u00e3o, formaliza\u00e7\u00e3o do processo e oficina compras.gov&#8221; ministrado pelo professor Leonardo Mota. O curso tamb\u00e9m contou com a participa\u00e7\u00e3o de representantes do Crea-RN. Leonardo trouxe para os participantes a pr\u00e1tica na formaliza\u00e7\u00e3o do processo de contrata\u00e7\u00e3o direta e todo o seu planejamento. Al\u00e9m disso, o curso contou com uma oficina sobre dispensa eletr\u00f4nica, n\u00e3o eletr\u00f4nica e preg\u00e3o no compras.gov, com alimenta\u00e7\u00e3o da contrata\u00e7\u00e3o no PNCP. O Crea-PB, sob a gest\u00e3o de Renan Azevedo, reafirma o compromisso em [&hellip;]<\/p>\n","protected":false},"author":101014,"featured_media":21646,"comment_status":"open","ping_status":"open","sticky":false,"template":"","format":"standard","meta":{"_acf_changed":false,"footnotes":""},"categories":[9],"tags":[],"class_list":["post-21636","post","type-post","status-publish","format-standard","has-post-thumbnail","hentry","category-noticias"],"acf":[],"_links":{"self":[{"href":"https:\/\/creapb.org.br\/site\/wp-json\/wp\/v2\/posts\/21636","targetHints":{"allow":["GET"]}}],"collection":[{"href":"https:\/\/creapb.org.br\/site\/wp-json\/wp\/v2\/posts"}],"about":[{"href":"https:\/\/creapb.org.br\/site\/wp-json\/wp\/v2\/types\/post"}],"author":[{"embeddable":true,"href":"https:\/\/creapb.org.br\/site\/wp-json\/wp\/v2\/users\/101014"}],"replies":[{"embeddable":true,"href":"https:\/\/creapb.org.br\/site\/wp-json\/wp\/v2\/comments?post=21636"}],"version-history":[{"count":1,"href":"https:\/\/creapb.org.br\/site\/wp-json\/wp\/v2\/posts\/21636\/revisions"}],"predecessor-version":[{"id":21651,"href":"https:\/\/creapb.org.br\/site\/wp-json\/wp\/v2\/posts\/21636\/revisions\/21651"}],"wp:featuredmedia":[{"embeddable":true,"href":"https:\/\/creapb.org.br\/site\/wp-json\/wp\/v2\/media\/21646"}],"wp:attachment":[{"href":"https:\/\/creapb.org.br\/site\/wp-json\/wp\/v2\/media?parent=21636"}],"wp:term":[{"taxonomy":"category","embeddable":true,"href":"https:\/\/creapb.org.br\/site\/wp-json\/wp\/v2\/categories?post=21636"},{"taxonomy":"post_tag","embeddable":true,"href":"https:\/\/creapb.org.br\/site\/wp-json\/wp\/v2\/tags?post=21636"}],"curies":[{"name":"wp","href":"https:\/\/api.w.org\/{rel}","templated":true}]}}