{"id":21690,"date":"2024-04-29T12:33:34","date_gmt":"2024-04-29T15:33:34","guid":{"rendered":"https:\/\/creapb.org.br\/?p=21690"},"modified":"2024-04-29T12:35:00","modified_gmt":"2024-04-29T15:35:00","slug":"nota-oficial","status":"publish","type":"post","link":"https:\/\/creapb.org.br\/site\/nota-oficial\/","title":{"rendered":"Nota oficial"},"content":{"rendered":"\n<p>O Conselho Regional de Engenharia e Agronomia da Para\u00edba (CREA-PB) informa \u00e0 popula\u00e7\u00e3o que, imediatamente ap\u00f3s tomar conhecimento do tr\u00e1gico acidente ocorrido na noite do \u00faltimo domingo, 29 de abril, na casa de eventos UP Garden, localizada no bairro do Portal do Sol em Jo\u00e3o Pessoa, onde houve a queda de uma estrutura de madeira e metal, iniciamos a atua\u00e7\u00e3o conforme nossas atribui\u00e7\u00f5es legais.<\/p>\n\n\n\n<p>\u00c9 importante esclarecer que, de acordo com nossos registros, n\u00e3o consta nenhuma Anota\u00e7\u00e3o de Responsabilidade T\u00e9cnica (ART) relacionada \u00e0 constru\u00e7\u00e3o ou manuten\u00e7\u00e3o da estrutura envolvida no incidente. A falta de uma ART indica que os trabalhos t\u00e9cnicos n\u00e3o foram conduzidos por profissionais habilitados e registrados, comprometendo a qualidade e seguran\u00e7a da edifica\u00e7\u00e3o.<\/p>\n\n\n\n<p>Gostar\u00edamos de destacar que o Crea-PB n\u00e3o \u00e9 respons\u00e1vel pela emiss\u00e3o de licen\u00e7as de funcionamento de eventos, compet\u00eancia que pertence a outros \u00f3rg\u00e3os municipais ou estaduais, conforme legisla\u00e7\u00e3o espec\u00edfica.<\/p>\n\n\n\n<p>Ademais, o Crea-PB n\u00e3o possui poder de embargo, sendo nossa fun\u00e7\u00e3o primordial a fiscaliza\u00e7\u00e3o do exerc\u00edcio profissional da engenharia, agronomia e geoci\u00eancias, assegurando que tais atividades sejam realizadas por profissionais devidamente habilitados.<\/p>\n\n\n\n<p>Foi tamb\u00e9m verificado que o evento ocorria sem a devida licen\u00e7a e autoriza\u00e7\u00e3o do Corpo de Bombeiros, aspecto fundamental para a seguran\u00e7a dos frequentadores.<\/p>\n\n\n\n<p>O Crea-PB est\u00e1 colaborando ativamente com os \u00f3rg\u00e3os de investiga\u00e7\u00e3o e fiscaliza\u00e7\u00e3o para apurar as causas do acidente e determinar as responsabilidades envolvidas.<\/p>\n\n\n\n<p>Estamos comprometidos em refor\u00e7ar a fiscaliza\u00e7\u00e3o para evitar que eventos como este se repitam e para garantir a seguran\u00e7a da popula\u00e7\u00e3o.<\/p>\n\n\n\n<p>Neste momento, nossos esfor\u00e7os tamb\u00e9m est\u00e3o voltados para apoiar as medidas de seguran\u00e7a e as investiga\u00e7\u00f5es em curso, oferecendo toda a expertise t\u00e9cnica necess\u00e1ria.<\/p>\n\n\n\n<p>O Crea-PB reitera seu compromisso com a \u00e9tica, a seguran\u00e7a e a qualidade da engenharia, agronomia e geoci\u00eancias em nosso estado. Continuaremos a trabalhar incansavelmente na fiscaliza\u00e7\u00e3o do exerc\u00edcio profissional.<\/p>\n","protected":false},"excerpt":{"rendered":"<p>O Conselho Regional de Engenharia e Agronomia da Para\u00edba (CREA-PB) informa \u00e0 popula\u00e7\u00e3o que, imediatamente ap\u00f3s tomar conhecimento do tr\u00e1gico acidente ocorrido na noite do \u00faltimo domingo, 29 de abril, na casa de eventos UP Garden, localizada no bairro do Portal do Sol em Jo\u00e3o Pessoa, onde houve a queda de uma estrutura de madeira e metal, iniciamos a atua\u00e7\u00e3o conforme nossas atribui\u00e7\u00f5es legais. \u00c9 importante esclarecer que, de acordo com nossos registros, n\u00e3o consta nenhuma Anota\u00e7\u00e3o de Responsabilidade T\u00e9cnica (ART) relacionada \u00e0 constru\u00e7\u00e3o ou manuten\u00e7\u00e3o da estrutura envolvida no incidente. A falta de uma ART indica que os trabalhos [&hellip;]<\/p>\n","protected":false},"author":101014,"featured_media":21691,"comment_status":"open","ping_status":"open","sticky":false,"template":"","format":"standard","meta":{"_acf_changed":false,"footnotes":""},"categories":[9],"tags":[],"class_list":["post-21690","post","type-post","status-publish","format-standard","has-post-thumbnail","hentry","category-noticias"],"acf":[],"_links":{"self":[{"href":"https:\/\/creapb.org.br\/site\/wp-json\/wp\/v2\/posts\/21690","targetHints":{"allow":["GET"]}}],"collection":[{"href":"https:\/\/creapb.org.br\/site\/wp-json\/wp\/v2\/posts"}],"about":[{"href":"https:\/\/creapb.org.br\/site\/wp-json\/wp\/v2\/types\/post"}],"author":[{"embeddable":true,"href":"https:\/\/creapb.org.br\/site\/wp-json\/wp\/v2\/users\/101014"}],"replies":[{"embeddable":true,"href":"https:\/\/creapb.org.br\/site\/wp-json\/wp\/v2\/comments?post=21690"}],"version-history":[{"count":1,"href":"https:\/\/creapb.org.br\/site\/wp-json\/wp\/v2\/posts\/21690\/revisions"}],"predecessor-version":[{"id":21692,"href":"https:\/\/creapb.org.br\/site\/wp-json\/wp\/v2\/posts\/21690\/revisions\/21692"}],"wp:featuredmedia":[{"embeddable":true,"href":"https:\/\/creapb.org.br\/site\/wp-json\/wp\/v2\/media\/21691"}],"wp:attachment":[{"href":"https:\/\/creapb.org.br\/site\/wp-json\/wp\/v2\/media?parent=21690"}],"wp:term":[{"taxonomy":"category","embeddable":true,"href":"https:\/\/creapb.org.br\/site\/wp-json\/wp\/v2\/categories?post=21690"},{"taxonomy":"post_tag","embeddable":true,"href":"https:\/\/creapb.org.br\/site\/wp-json\/wp\/v2\/tags?post=21690"}],"curies":[{"name":"wp","href":"https:\/\/api.w.org\/{rel}","templated":true}]}}