{"id":22221,"date":"2024-07-11T13:03:31","date_gmt":"2024-07-11T16:03:31","guid":{"rendered":"https:\/\/creapb.org.br\/?p=22221"},"modified":"2024-07-11T13:03:31","modified_gmt":"2024-07-11T16:03:31","slug":"crea-pb-realiza-reuniao-n-o-07-2024-da-comissao-permanente-de-educacao-e-atribuicao-profissional","status":"publish","type":"post","link":"https:\/\/creapb.org.br\/site\/crea-pb-realiza-reuniao-n-o-07-2024-da-comissao-permanente-de-educacao-e-atribuicao-profissional\/","title":{"rendered":"Crea-PB realiza reuni\u00e3o n.\u00ba 07\/2024 da Comiss\u00e3o Permanente de Educa\u00e7\u00e3o e Atribui\u00e7\u00e3o Profissional"},"content":{"rendered":"\n<p>O Conselho Regional de Engenharia e Agronomia da Para\u00edba (Crea-PB) realizou na \u00faltima ter\u00e7a-feira (09), a reuni\u00e3o n.\u00ba 07\/2024 da comiss\u00e3o permanente de educa\u00e7\u00e3o e atribui\u00e7\u00e3o profissional (CEAP), que ocorreu na sede do Conselho e contou com a presen\u00e7a dos conselheiros membros de modo hibrido.<\/p>\n\n\n\n<p>A reuni\u00e3o da CEAP \u00e9 realizada mensalmente nas segundas ter\u00e7as de cada m\u00eas ap\u00f3s e tem por finalidade auxiliar o Plen\u00e1rio do Crea no desenvolvimento de atividades cont\u00ednuas relacionadas a um tema espec\u00edfico de car\u00e1ter legal, t\u00e9cnico ou administrativo, sendo composta por, no m\u00ednimo, tr\u00eas conselheiros regionais, eleitos pelo Plen\u00e1rio do Crea e igual n\u00famero de suplentes eleitos entre os conselheiros regionais titulares, sendo permitida uma \u00fanica reelei\u00e7\u00e3o.<\/p>\n\n\n\n<p>Ao longo da reuni\u00e3o, os conselheiros apreciaram 2 processos de atribui\u00e7\u00e3o profissional e 3 processos de cadastramentos de cursos oriundos de institui\u00e7\u00f5es de ensino superior.<\/p>\n\n\n\n<p>O Crea-PB, sob a gest\u00e3o de Renan Azevedo, reafirma o compromisso em promover a excel\u00eancia na presta\u00e7\u00e3o de servi\u00e7os, aprimorar o ambiente de atua\u00e7\u00e3o dos profissionais e contribuir significativamente para o progresso do setor da Engenharia, Agronomia e Geoci\u00eancias na Para\u00edba.<\/p>\n\n\n\n<figure class=\"wp-block-gallery has-nested-images columns-default is-cropped wp-block-gallery-1 is-layout-flex wp-block-gallery-is-layout-flex\">\n<figure class=\"wp-block-image size-large\"><img fetchpriority=\"high\" decoding=\"async\" width=\"577\" height=\"1024\" data-id=\"22225\" src=\"https:\/\/creapb.org.br\/site\/wp-content\/uploads\/2024\/07\/IMG-20240709-WA0058-577x1024.jpg\" alt=\"\" class=\"wp-image-22225\" srcset=\"https:\/\/creapb.org.br\/site\/wp-content\/uploads\/2024\/07\/IMG-20240709-WA0058-577x1024.jpg 577w, https:\/\/creapb.org.br\/site\/wp-content\/uploads\/2024\/07\/IMG-20240709-WA0058-169x300.jpg 169w, https:\/\/creapb.org.br\/site\/wp-content\/uploads\/2024\/07\/IMG-20240709-WA0058.jpg 721w\" sizes=\"(max-width: 577px) 100vw, 577px\" \/><\/figure>\n\n\n\n<figure class=\"wp-block-image size-large\"><img decoding=\"async\" width=\"769\" height=\"1024\" data-id=\"22223\" src=\"https:\/\/creapb.org.br\/site\/wp-content\/uploads\/2024\/07\/IMG-20240709-WA0056-769x1024.jpg\" alt=\"\" class=\"wp-image-22223\" srcset=\"https:\/\/creapb.org.br\/site\/wp-content\/uploads\/2024\/07\/IMG-20240709-WA0056-769x1024.jpg 769w, https:\/\/creapb.org.br\/site\/wp-content\/uploads\/2024\/07\/IMG-20240709-WA0056-225x300.jpg 225w, https:\/\/creapb.org.br\/site\/wp-content\/uploads\/2024\/07\/IMG-20240709-WA0056-768x1023.jpg 768w, https:\/\/creapb.org.br\/site\/wp-content\/uploads\/2024\/07\/IMG-20240709-WA0056.jpg 961w\" sizes=\"(max-width: 769px) 100vw, 769px\" \/><\/figure>\n<figcaption class=\"blocks-gallery-caption wp-element-caption\">Crea-PB em reuni\u00e3o da Comiss\u00e3o Permanente de Educa\u00e7\u00e3o e Atribui\u00e7\u00e3o Profissional.<\/figcaption><\/figure>\n","protected":false},"excerpt":{"rendered":"<p>O Conselho Regional de Engenharia e Agronomia da Para\u00edba (Crea-PB) realizou na \u00faltima ter\u00e7a-feira (09), a reuni\u00e3o n.\u00ba 07\/2024 da comiss\u00e3o permanente de educa\u00e7\u00e3o e atribui\u00e7\u00e3o profissional (CEAP), que ocorreu na sede do Conselho e contou com a presen\u00e7a dos conselheiros membros de modo hibrido. A reuni\u00e3o da CEAP \u00e9 realizada mensalmente nas segundas ter\u00e7as de cada m\u00eas ap\u00f3s e tem por finalidade auxiliar o Plen\u00e1rio do Crea no desenvolvimento de atividades cont\u00ednuas relacionadas a um tema espec\u00edfico de car\u00e1ter legal, t\u00e9cnico ou administrativo, sendo composta por, no m\u00ednimo, tr\u00eas conselheiros regionais, eleitos pelo Plen\u00e1rio do Crea e igual n\u00famero [&hellip;]<\/p>\n","protected":false},"author":101014,"featured_media":22227,"comment_status":"open","ping_status":"open","sticky":false,"template":"","format":"standard","meta":{"_acf_changed":false,"footnotes":""},"categories":[9],"tags":[],"class_list":["post-22221","post","type-post","status-publish","format-standard","has-post-thumbnail","hentry","category-noticias"],"acf":[],"_links":{"self":[{"href":"https:\/\/creapb.org.br\/site\/wp-json\/wp\/v2\/posts\/22221","targetHints":{"allow":["GET"]}}],"collection":[{"href":"https:\/\/creapb.org.br\/site\/wp-json\/wp\/v2\/posts"}],"about":[{"href":"https:\/\/creapb.org.br\/site\/wp-json\/wp\/v2\/types\/post"}],"author":[{"embeddable":true,"href":"https:\/\/creapb.org.br\/site\/wp-json\/wp\/v2\/users\/101014"}],"replies":[{"embeddable":true,"href":"https:\/\/creapb.org.br\/site\/wp-json\/wp\/v2\/comments?post=22221"}],"version-history":[{"count":1,"href":"https:\/\/creapb.org.br\/site\/wp-json\/wp\/v2\/posts\/22221\/revisions"}],"predecessor-version":[{"id":22228,"href":"https:\/\/creapb.org.br\/site\/wp-json\/wp\/v2\/posts\/22221\/revisions\/22228"}],"wp:featuredmedia":[{"embeddable":true,"href":"https:\/\/creapb.org.br\/site\/wp-json\/wp\/v2\/media\/22227"}],"wp:attachment":[{"href":"https:\/\/creapb.org.br\/site\/wp-json\/wp\/v2\/media?parent=22221"}],"wp:term":[{"taxonomy":"category","embeddable":true,"href":"https:\/\/creapb.org.br\/site\/wp-json\/wp\/v2\/categories?post=22221"},{"taxonomy":"post_tag","embeddable":true,"href":"https:\/\/creapb.org.br\/site\/wp-json\/wp\/v2\/tags?post=22221"}],"curies":[{"name":"wp","href":"https:\/\/api.w.org\/{rel}","templated":true}]}}