{"id":22229,"date":"2024-07-11T13:11:28","date_gmt":"2024-07-11T16:11:28","guid":{"rendered":"https:\/\/creapb.org.br\/?p=22229"},"modified":"2024-07-11T13:11:30","modified_gmt":"2024-07-11T16:11:30","slug":"internet-e-juventude-rural-conectados-para-a-sucessao-no-campo","status":"publish","type":"post","link":"https:\/\/creapb.org.br\/site\/internet-e-juventude-rural-conectados-para-a-sucessao-no-campo\/","title":{"rendered":"Internet e juventude rural: conectados para a sucess\u00e3o no campo"},"content":{"rendered":"\n<p><em>O Dia da Juventude Rural, celebrado em 15 de julho, traz reflex\u00f5es sobre os desafios e as solu\u00e7\u00f5es para quem planeja empreender e inovar no campo.<\/em><\/p>\n\n\n\n<p>Os dados da PNAD Cont\u00ednua do IBGE, de 2022, mostram um grande avan\u00e7o no acesso \u00e0 internet nos \u00faltimos anos, principalmente no meio rural. A porcentagem de pessoas com acesso \u00e0 internet subiu de 32% para 78%, entre 2016 e 2022, uma amplia\u00e7\u00e3o de 144%. O crescimento do n\u00famero de pessoas que faz uso da internet nos domic\u00edlios rurais, desde 2016, foi mais expressivo no Sul e Centro-Oeste, onde est\u00e3o tamb\u00e9m as melhoras \u201ctaxas de cobertura\u201d: nestas regi\u00f5es, apenas 15% dos domic\u00edlios n\u00e3o tinha acesso efetivo \u00e0 internet em decorr\u00eancia da indisponibilidade da oferta do servi\u00e7o na \u00e1rea.<\/p>\n\n\n\n<p>No setor do tabaco, os n\u00fameros s\u00e3o ainda mais expressivos. Pesquisa do CEPA\/UFRGS, realizada em 2023, apurou que 92,1% dos produtores de tabaco da Regi\u00e3o Sul do Brasil possui acesso \u00e0 internet na pr\u00f3pria resid\u00eancia; e 1,6% tem acesso \u00e0 Internet em uma localidade pr\u00f3xima (associa\u00e7\u00e3o ou clube, por exemplo). O acesso \u00e0 Internet viabiliza a participa\u00e7\u00e3o dos produtores de tabaco nas diversas redes sociais. Na Regi\u00e3o Sul, quase 95% desses produtores participa de alguma rede social: WhatsApp e Facebook est\u00e3o entre as mais utilizadas, com 98,9% e 84,6%. J\u00e1 Instagram e Youtube s\u00e3o utilizadas por 37,8% e 24,1% dos produtores, respectivamente.<\/p>\n\n\n\n<p>Os dados apontam que o uso da internet tem crescido entre os produtores rurais brasileiros, mas ser\u00e1 que isso altera o contexto da sucess\u00e3o no campo? Do uso de softwares e programas espec\u00edficos para a gest\u00e3o da propriedade \u00e0 utiliza\u00e7\u00e3o de novos equipamentos ou t\u00e9cnicas que reduzam o custo da produ\u00e7\u00e3o, a internet traz in\u00fameras facilidades, mas ela tamb\u00e9m torna ainda mais importante a busca por qualifica\u00e7\u00e3o e atualiza\u00e7\u00e3o sobre novos equipamentos e tecnologias dispon\u00edveis para a propriedade.<\/p>\n\n\n\n<p>\u201cMais do que conex\u00e3o, para que a juventude rural queira permanecer no campo ela precisa de oportunidades de qualifica\u00e7\u00e3o voltadas \u00e0 sua realidade.\u201d, comenta Iro Sch\u00fcnke, diretor presidente de instituto que tem ofertado renda e aprendizagem profissional aos adolescentes do meio rural.<\/p>\n\n\n\n<p>Michele Dzindzny, educadora social do Programa de Aprendizagem Profissional Rural do instituto em S\u00e3o Jo\u00e3o do Triunfo (PR), conta como o conv\u00edvio com os aprendizes e a identifica\u00e7\u00e3o com suas realidades t\u00eam sido inspiradoras.\u00a0\u201cPor meio do curso, os aprendizes t\u00eam oportunidade de relatar suas viv\u00eancias e a pensar em melhorias. A gente pode ver o orgulho que sentem em falar das suas comunidades, o respeito pela agricultura e demonstram notar as oportunidades que o meio rural oferece. Para n\u00f3s, um munic\u00edpio pequeno que tem como carro-chefe a agricultura, principalmente atrav\u00e9s da cultura do tabaco, o Instituto significa novas chances para o jovem rural\u201d, comenta.<\/p>\n","protected":false},"excerpt":{"rendered":"<p>O Dia da Juventude Rural, celebrado em 15 de julho, traz reflex\u00f5es sobre os desafios e as solu\u00e7\u00f5es para quem planeja empreender e inovar no campo. Os dados da PNAD Cont\u00ednua do IBGE, de 2022, mostram um grande avan\u00e7o no acesso \u00e0 internet nos \u00faltimos anos, principalmente no meio rural. A porcentagem de pessoas com acesso \u00e0 internet subiu de 32% para 78%, entre 2016 e 2022, uma amplia\u00e7\u00e3o de 144%. O crescimento do n\u00famero de pessoas que faz uso da internet nos domic\u00edlios rurais, desde 2016, foi mais expressivo no Sul e Centro-Oeste, onde est\u00e3o tamb\u00e9m as melhoras \u201ctaxas [&hellip;]<\/p>\n","protected":false},"author":101014,"featured_media":22230,"comment_status":"open","ping_status":"open","sticky":false,"template":"","format":"standard","meta":{"_acf_changed":false,"footnotes":""},"categories":[9],"tags":[],"class_list":["post-22229","post","type-post","status-publish","format-standard","has-post-thumbnail","hentry","category-noticias"],"acf":[],"_links":{"self":[{"href":"https:\/\/creapb.org.br\/site\/wp-json\/wp\/v2\/posts\/22229","targetHints":{"allow":["GET"]}}],"collection":[{"href":"https:\/\/creapb.org.br\/site\/wp-json\/wp\/v2\/posts"}],"about":[{"href":"https:\/\/creapb.org.br\/site\/wp-json\/wp\/v2\/types\/post"}],"author":[{"embeddable":true,"href":"https:\/\/creapb.org.br\/site\/wp-json\/wp\/v2\/users\/101014"}],"replies":[{"embeddable":true,"href":"https:\/\/creapb.org.br\/site\/wp-json\/wp\/v2\/comments?post=22229"}],"version-history":[{"count":1,"href":"https:\/\/creapb.org.br\/site\/wp-json\/wp\/v2\/posts\/22229\/revisions"}],"predecessor-version":[{"id":22231,"href":"https:\/\/creapb.org.br\/site\/wp-json\/wp\/v2\/posts\/22229\/revisions\/22231"}],"wp:featuredmedia":[{"embeddable":true,"href":"https:\/\/creapb.org.br\/site\/wp-json\/wp\/v2\/media\/22230"}],"wp:attachment":[{"href":"https:\/\/creapb.org.br\/site\/wp-json\/wp\/v2\/media?parent=22229"}],"wp:term":[{"taxonomy":"category","embeddable":true,"href":"https:\/\/creapb.org.br\/site\/wp-json\/wp\/v2\/categories?post=22229"},{"taxonomy":"post_tag","embeddable":true,"href":"https:\/\/creapb.org.br\/site\/wp-json\/wp\/v2\/tags?post=22229"}],"curies":[{"name":"wp","href":"https:\/\/api.w.org\/{rel}","templated":true}]}}