{"id":25162,"date":"2026-04-28T09:17:16","date_gmt":"2026-04-28T12:17:16","guid":{"rendered":"https:\/\/creapb.org.br\/site\/?p=25162"},"modified":"2026-04-28T09:17:40","modified_gmt":"2026-04-28T12:17:40","slug":"crea-pb-participa-de-reuniao-estrategica-no-confea-para-alinhamento-de-metas-nacionais","status":"publish","type":"post","link":"https:\/\/creapb.org.br\/site\/crea-pb-participa-de-reuniao-estrategica-no-confea-para-alinhamento-de-metas-nacionais\/","title":{"rendered":"Crea-PB participa de reuni\u00e3o estrat\u00e9gica no Confea para alinhamento de metas nacionais"},"content":{"rendered":"<p>A presidenta do Conselho Regional de Engenharia e Agronomia da Para\u00edba (Crea-PB), C\u00e2ndida Regis, participou, na manh\u00e3 desta segunda-feira (27), de uma importante reuni\u00e3o institucional conduzida pela presidenta em exerc\u00edcio do Conselho Federal de Engenharia e Agronomia (Confea), Ana Adalgisa. O encontro reuniu tamb\u00e9m presidentes de Creas de todo o pa\u00eds, consolidando um espa\u00e7o estrat\u00e9gico para o alinhamento de ideias, prop\u00f3sitos e defini\u00e7\u00e3o de metas para os pr\u00f3ximos tr\u00eas meses.<\/p>\n<p>A programa\u00e7\u00e3o foi iniciada com a abertura oficial conduzida por Ana Adalgisa, que destacou a relev\u00e2ncia do planejamento integrado entre os regionais e o Confea, visando o fortalecimento do Sistema Confea\/Crea e a valoriza\u00e7\u00e3o dos profissionais da engenharia, agronomia e geoci\u00eancias em todo o Brasil.<\/p>\n<p>Na sequ\u00eancia, o presidente executivo da C\u00e2mara Brasileira da Ind\u00fastria da Constru\u00e7\u00e3o (CBIC), Fernando Guedes, trouxe uma abordagem sobre o cen\u00e1rio atual da constru\u00e7\u00e3o civil no pa\u00eds, evidenciando desafios e oportunidades para o setor.<\/p>\n<p>Dando continuidade \u00e0 programa\u00e7\u00e3o, Fernanda Marinela e Maisa apresentaram o compromisso Infra-BR dentro da Agenda Brasil, refor\u00e7ando a import\u00e2ncia de iniciativas estruturantes para o desenvolvimento da infraestrutura nacional.<\/p>\n<p>O tema das contrata\u00e7\u00f5es nacionais tamb\u00e9m foi destaque, com apresenta\u00e7\u00e3o da superintendente Natalie, acompanhada dos gerentes Pedro Hott e Iran, que detalharam diretrizes e estrat\u00e9gias voltadas \u00e0 moderniza\u00e7\u00e3o e efici\u00eancia dos processos.<\/p>\n<p>Outro ponto relevante da reuni\u00e3o foi a apresenta\u00e7\u00e3o da nova contrata\u00e7\u00e3o da Implanta, conduzida pela superintendente Paula Beatrice e pelo analista Rodrigo Borges, trazendo perspectivas de inova\u00e7\u00e3o e aprimoramento tecnol\u00f3gico para o Sistema.<\/p>\n<p>O encontro foi encerrado com um espa\u00e7o destinado a perguntas, contribui\u00e7\u00f5es e alinhamentos finais, fortalecendo o di\u00e1logo institucional e a constru\u00e7\u00e3o coletiva de solu\u00e7\u00f5es.<\/p>\n<p>A participa\u00e7\u00e3o do Crea-PB refor\u00e7a o compromisso da atual gest\u00e3o com a integra\u00e7\u00e3o nacional, o planejamento estrat\u00e9gico e a busca cont\u00ednua por avan\u00e7os que impactem positivamente os profissionais e a sociedade.<\/p>\n<p><img fetchpriority=\"high\" decoding=\"async\" class=\"aligncenter wp-image-25164 size-full\" src=\"https:\/\/creapb.org.br\/site\/wp-content\/uploads\/2026\/04\/WhatsApp-Image-2026-04-27-at-16.34.40.jpeg\" alt=\"\" width=\"1280\" height=\"854\" srcset=\"https:\/\/creapb.org.br\/site\/wp-content\/uploads\/2026\/04\/WhatsApp-Image-2026-04-27-at-16.34.40.jpeg 1280w, https:\/\/creapb.org.br\/site\/wp-content\/uploads\/2026\/04\/WhatsApp-Image-2026-04-27-at-16.34.40-300x200.jpeg 300w, https:\/\/creapb.org.br\/site\/wp-content\/uploads\/2026\/04\/WhatsApp-Image-2026-04-27-at-16.34.40-1024x683.jpeg 1024w, https:\/\/creapb.org.br\/site\/wp-content\/uploads\/2026\/04\/WhatsApp-Image-2026-04-27-at-16.34.40-768x512.jpeg 768w\" sizes=\"(max-width: 1280px) 100vw, 1280px\" \/><\/p>\n","protected":false},"excerpt":{"rendered":"<p>A presidenta do Conselho Regional de Engenharia e Agronomia da Para\u00edba (Crea-PB), C\u00e2ndida Regis, participou, na manh\u00e3 desta segunda-feira (27), de uma importante reuni\u00e3o institucional conduzida pela presidenta em exerc\u00edcio do Conselho Federal de Engenharia e Agronomia (Confea), Ana Adalgisa. O encontro reuniu tamb\u00e9m presidentes de Creas de todo o pa\u00eds, consolidando um espa\u00e7o estrat\u00e9gico para o alinhamento de ideias, prop\u00f3sitos e defini\u00e7\u00e3o de metas para os pr\u00f3ximos tr\u00eas meses. A programa\u00e7\u00e3o foi iniciada com a abertura oficial conduzida por Ana Adalgisa, que destacou a relev\u00e2ncia do planejamento integrado entre os regionais e o Confea, visando o fortalecimento do Sistema [&hellip;]<\/p>\n","protected":false},"author":101014,"featured_media":25164,"comment_status":"open","ping_status":"open","sticky":false,"template":"","format":"standard","meta":{"_acf_changed":false,"footnotes":""},"categories":[9],"tags":[],"class_list":["post-25162","post","type-post","status-publish","format-standard","has-post-thumbnail","hentry","category-noticias"],"acf":[],"_links":{"self":[{"href":"https:\/\/creapb.org.br\/site\/wp-json\/wp\/v2\/posts\/25162","targetHints":{"allow":["GET"]}}],"collection":[{"href":"https:\/\/creapb.org.br\/site\/wp-json\/wp\/v2\/posts"}],"about":[{"href":"https:\/\/creapb.org.br\/site\/wp-json\/wp\/v2\/types\/post"}],"author":[{"embeddable":true,"href":"https:\/\/creapb.org.br\/site\/wp-json\/wp\/v2\/users\/101014"}],"replies":[{"embeddable":true,"href":"https:\/\/creapb.org.br\/site\/wp-json\/wp\/v2\/comments?post=25162"}],"version-history":[{"count":2,"href":"https:\/\/creapb.org.br\/site\/wp-json\/wp\/v2\/posts\/25162\/revisions"}],"predecessor-version":[{"id":25166,"href":"https:\/\/creapb.org.br\/site\/wp-json\/wp\/v2\/posts\/25162\/revisions\/25166"}],"wp:featuredmedia":[{"embeddable":true,"href":"https:\/\/creapb.org.br\/site\/wp-json\/wp\/v2\/media\/25164"}],"wp:attachment":[{"href":"https:\/\/creapb.org.br\/site\/wp-json\/wp\/v2\/media?parent=25162"}],"wp:term":[{"taxonomy":"category","embeddable":true,"href":"https:\/\/creapb.org.br\/site\/wp-json\/wp\/v2\/categories?post=25162"},{"taxonomy":"post_tag","embeddable":true,"href":"https:\/\/creapb.org.br\/site\/wp-json\/wp\/v2\/tags?post=25162"}],"curies":[{"name":"wp","href":"https:\/\/api.w.org\/{rel}","templated":true}]}}