{"id":25808,"date":"2026-08-31T12:28:52","date_gmt":"2026-08-31T15:28:52","guid":{"rendered":"https:\/\/creapb.org.br\/site\/?p=25808"},"modified":"2026-08-31T12:28:52","modified_gmt":"2026-08-31T15:28:52","slug":"crea-pb-participa-de-colacao-de-grau-de-novos-profissionais-da-ufpb","status":"publish","type":"post","link":"https:\/\/creapb.org.br\/site\/crea-pb-participa-de-colacao-de-grau-de-novos-profissionais-da-ufpb\/","title":{"rendered":"Crea-PB participa de cola\u00e7\u00e3o de grau de novos profissionais da UFPB"},"content":{"rendered":"<p class=\"isSelectedEnd\">O segundo vice-presidente do Conselho Regional de Engenharia e Agronomia da Para\u00edba (Crea-PB), engenheiro qu\u00edmico Audiberg Carvalho, participou, na \u00faltima sexta-feira (28\/08), da solenidade de cola\u00e7\u00e3o de grau das turmas 2026.1 dos cursos de Engenharia de Alimentos, Engenharia de Materiais, Engenharia Qu\u00edmica e Qu\u00edmica Industrial da Universidade Federal da Para\u00edba (UFPB).<\/p>\n<p class=\"isSelectedEnd\">A solenidade marcou a conclus\u00e3o da forma\u00e7\u00e3o acad\u00eamica de novos profissionais, que encerram uma importante etapa de sua trajet\u00f3ria e passam a estar aptos a ingressar no mercado de trabalho, colocando em pr\u00e1tica os conhecimentos adquiridos ao longo da gradua\u00e7\u00e3o e contribuindo para o desenvolvimento da engenharia e da \u00e1rea tecnol\u00f3gica.<\/p>\n<p class=\"isSelectedEnd\">A participa\u00e7\u00e3o do Crea-PB na cerim\u00f4nia refor\u00e7a a proximidade do Conselho com as institui\u00e7\u00f5es de ensino superior e com os estudantes que est\u00e3o iniciando sua trajet\u00f3ria profissional. A presen\u00e7a da institui\u00e7\u00e3o em momentos como a cola\u00e7\u00e3o de grau tamb\u00e9m fortalece o di\u00e1logo com a comunidade acad\u00eamica e a integra\u00e7\u00e3o com os futuros profissionais que far\u00e3o parte do Sistema Confea\/Crea e M\u00fatua.<\/p>\n<p class=\"isSelectedEnd\">Para o Crea-PB, a aproxima\u00e7\u00e3o com as universidades \u00e9 fundamental para estreitar o relacionamento com os futuros profissionais e refor\u00e7ar a import\u00e2ncia de uma forma\u00e7\u00e3o de qualidade para o exerc\u00edcio respons\u00e1vel da profiss\u00e3o. A presen\u00e7a do Conselho junto aos novos graduados tamb\u00e9m representa uma oportunidade de fortalecer os v\u00ednculos institucionais e acompanhar de perto a forma\u00e7\u00e3o dos profissionais que contribuir\u00e3o para o desenvolvimento da Para\u00edba.<\/p>\n<p>Ao participar da solenidade, o Crea-PB parabeniza os novos profissionais pela conclus\u00e3o da gradua\u00e7\u00e3o e reafirma seu compromisso com a valoriza\u00e7\u00e3o da engenharia e com a aproxima\u00e7\u00e3o permanente entre o Conselho, as institui\u00e7\u00f5es de ensino e a comunidade profissional.<\/p>\n<div id='gallery-1' class='gallery galleryid-25808 gallery-columns-2 gallery-size-full'><figure class='gallery-item'>\n\t\t\t<div class='gallery-icon landscape'>\n\t\t\t\t<a href='https:\/\/creapb.org.br\/site\/crea-pb-participa-de-colacao-de-grau-de-novos-profissionais-da-ufpb\/whatsapp-image-2026-08-31-at-12-19-50-2\/'><img fetchpriority=\"high\" decoding=\"async\" width=\"1179\" height=\"1156\" src=\"https:\/\/creapb.org.br\/site\/wp-content\/uploads\/2026\/08\/WhatsApp-Image-2026-08-31-at-12.19.50-2.jpeg\" class=\"attachment-full size-full\" alt=\"\" srcset=\"https:\/\/creapb.org.br\/site\/wp-content\/uploads\/2026\/08\/WhatsApp-Image-2026-08-31-at-12.19.50-2.jpeg 1179w, https:\/\/creapb.org.br\/site\/wp-content\/uploads\/2026\/08\/WhatsApp-Image-2026-08-31-at-12.19.50-2-300x294.jpeg 300w, https:\/\/creapb.org.br\/site\/wp-content\/uploads\/2026\/08\/WhatsApp-Image-2026-08-31-at-12.19.50-2-1024x1004.jpeg 1024w, https:\/\/creapb.org.br\/site\/wp-content\/uploads\/2026\/08\/WhatsApp-Image-2026-08-31-at-12.19.50-2-768x753.jpeg 768w\" sizes=\"(max-width: 1179px) 100vw, 1179px\" \/><\/a>\n\t\t\t<\/div><\/figure><figure class='gallery-item'>\n\t\t\t<div class='gallery-icon portrait'>\n\t\t\t\t<a href='https:\/\/creapb.org.br\/site\/crea-pb-participa-de-colacao-de-grau-de-novos-profissionais-da-ufpb\/whatsapp-image-2026-08-31-at-12-19-50-1\/'><img decoding=\"async\" width=\"854\" height=\"1280\" src=\"https:\/\/creapb.org.br\/site\/wp-content\/uploads\/2026\/08\/WhatsApp-Image-2026-08-31-at-12.19.50-1.jpeg\" class=\"attachment-full size-full\" alt=\"\" srcset=\"https:\/\/creapb.org.br\/site\/wp-content\/uploads\/2026\/08\/WhatsApp-Image-2026-08-31-at-12.19.50-1.jpeg 854w, https:\/\/creapb.org.br\/site\/wp-content\/uploads\/2026\/08\/WhatsApp-Image-2026-08-31-at-12.19.50-1-200x300.jpeg 200w, https:\/\/creapb.org.br\/site\/wp-content\/uploads\/2026\/08\/WhatsApp-Image-2026-08-31-at-12.19.50-1-683x1024.jpeg 683w, https:\/\/creapb.org.br\/site\/wp-content\/uploads\/2026\/08\/WhatsApp-Image-2026-08-31-at-12.19.50-1-768x1151.jpeg 768w\" sizes=\"(max-width: 854px) 100vw, 854px\" \/><\/a>\n\t\t\t<\/div><\/figure><figure class='gallery-item'>\n\t\t\t<div class='gallery-icon landscape'>\n\t\t\t\t<a href='https:\/\/creapb.org.br\/site\/crea-pb-participa-de-colacao-de-grau-de-novos-profissionais-da-ufpb\/whatsapp-image-2026-08-31-at-12-19-50\/'><img decoding=\"async\" width=\"1280\" height=\"854\" src=\"https:\/\/creapb.org.br\/site\/wp-content\/uploads\/2026\/08\/WhatsApp-Image-2026-08-31-at-12.19.50.jpeg\" class=\"attachment-full size-full\" alt=\"\" srcset=\"https:\/\/creapb.org.br\/site\/wp-content\/uploads\/2026\/08\/WhatsApp-Image-2026-08-31-at-12.19.50.jpeg 1280w, https:\/\/creapb.org.br\/site\/wp-content\/uploads\/2026\/08\/WhatsApp-Image-2026-08-31-at-12.19.50-300x200.jpeg 300w, https:\/\/creapb.org.br\/site\/wp-content\/uploads\/2026\/08\/WhatsApp-Image-2026-08-31-at-12.19.50-1024x683.jpeg 1024w, https:\/\/creapb.org.br\/site\/wp-content\/uploads\/2026\/08\/WhatsApp-Image-2026-08-31-at-12.19.50-768x512.jpeg 768w, https:\/\/creapb.org.br\/site\/wp-content\/uploads\/2026\/08\/WhatsApp-Image-2026-08-31-at-12.19.50-600x400.jpeg 600w\" sizes=\"(max-width: 1280px) 100vw, 1280px\" \/><\/a>\n\t\t\t<\/div><\/figure><figure class='gallery-item'>\n\t\t\t<div class='gallery-icon landscape'>\n\t\t\t\t<a href='https:\/\/creapb.org.br\/site\/crea-pb-participa-de-colacao-de-grau-de-novos-profissionais-da-ufpb\/whatsapp-image-2026-08-31-at-12-19-51\/'><img loading=\"lazy\" decoding=\"async\" width=\"1026\" height=\"578\" src=\"https:\/\/creapb.org.br\/site\/wp-content\/uploads\/2026\/08\/WhatsApp-Image-2026-08-31-at-12.19.51-e1788189985523.jpeg\" class=\"attachment-full size-full\" alt=\"\" srcset=\"https:\/\/creapb.org.br\/site\/wp-content\/uploads\/2026\/08\/WhatsApp-Image-2026-08-31-at-12.19.51-e1788189985523.jpeg 1026w, https:\/\/creapb.org.br\/site\/wp-content\/uploads\/2026\/08\/WhatsApp-Image-2026-08-31-at-12.19.51-e1788189985523-300x169.jpeg 300w, https:\/\/creapb.org.br\/site\/wp-content\/uploads\/2026\/08\/WhatsApp-Image-2026-08-31-at-12.19.51-e1788189985523-1024x577.jpeg 1024w, https:\/\/creapb.org.br\/site\/wp-content\/uploads\/2026\/08\/WhatsApp-Image-2026-08-31-at-12.19.51-e1788189985523-768x433.jpeg 768w, https:\/\/creapb.org.br\/site\/wp-content\/uploads\/2026\/08\/WhatsApp-Image-2026-08-31-at-12.19.51-e1788189985523-920x518.jpeg 920w\" sizes=\"(max-width: 1026px) 100vw, 1026px\" \/><\/a>\n\t\t\t<\/div><\/figure>\n\t\t<\/div>\n\n","protected":false},"excerpt":{"rendered":"<p>O segundo vice-presidente do Conselho Regional de Engenharia e Agronomia da Para\u00edba (Crea-PB), engenheiro qu\u00edmico Audiberg Carvalho, participou, na \u00faltima sexta-feira (28\/08), da solenidade\u2026<\/p>\n","protected":false},"author":101014,"featured_media":25813,"comment_status":"open","ping_status":"open","sticky":false,"template":"","format":"standard","meta":{"_acf_changed":false,"footnotes":""},"categories":[9],"tags":[],"class_list":["post-25808","post","type-post","status-publish","format-standard","has-post-thumbnail","hentry","category-noticias"],"acf":[],"_links":{"self":[{"href":"https:\/\/creapb.org.br\/site\/wp-json\/wp\/v2\/posts\/25808","targetHints":{"allow":["GET"]}}],"collection":[{"href":"https:\/\/creapb.org.br\/site\/wp-json\/wp\/v2\/posts"}],"about":[{"href":"https:\/\/creapb.org.br\/site\/wp-json\/wp\/v2\/types\/post"}],"author":[{"embeddable":true,"href":"https:\/\/creapb.org.br\/site\/wp-json\/wp\/v2\/users\/101014"}],"replies":[{"embeddable":true,"href":"https:\/\/creapb.org.br\/site\/wp-json\/wp\/v2\/comments?post=25808"}],"version-history":[{"count":1,"href":"https:\/\/creapb.org.br\/site\/wp-json\/wp\/v2\/posts\/25808\/revisions"}],"predecessor-version":[{"id":25814,"href":"https:\/\/creapb.org.br\/site\/wp-json\/wp\/v2\/posts\/25808\/revisions\/25814"}],"wp:featuredmedia":[{"embeddable":true,"href":"https:\/\/creapb.org.br\/site\/wp-json\/wp\/v2\/media\/25813"}],"wp:attachment":[{"href":"https:\/\/creapb.org.br\/site\/wp-json\/wp\/v2\/media?parent=25808"}],"wp:term":[{"taxonomy":"category","embeddable":true,"href":"https:\/\/creapb.org.br\/site\/wp-json\/wp\/v2\/categories?post=25808"},{"taxonomy":"post_tag","embeddable":true,"href":"https:\/\/creapb.org.br\/site\/wp-json\/wp\/v2\/tags?post=25808"}],"curies":[{"name":"wp","href":"https:\/\/api.w.org\/{rel}","templated":true}]}}