{"id":25816,"date":"2026-09-03T08:42:32","date_gmt":"2026-09-03T11:42:32","guid":{"rendered":"https:\/\/creapb.org.br\/site\/?p=25816"},"modified":"2026-09-03T08:42:32","modified_gmt":"2026-09-03T11:42:32","slug":"crea-pb-publica-edital-de-convocacao-dos-aprovados-em-concurso-publico","status":"publish","type":"post","link":"https:\/\/creapb.org.br\/site\/crea-pb-publica-edital-de-convocacao-dos-aprovados-em-concurso-publico\/","title":{"rendered":"Crea-PB publica edital de convoca\u00e7\u00e3o dos aprovados em concurso p\u00fablico"},"content":{"rendered":"<p>O Conselho Regional de Engenharia e Agronomia da Para\u00edba (Crea-PB) publicou nesta quinta-feira (3) o edital de convoca\u00e7\u00e3o dos candidatos aprovados no concurso p\u00fablico realizado pela institui\u00e7\u00e3o. A publica\u00e7\u00e3o representa uma importante etapa para o fortalecimento do quadro de servidores e da estrutura de atua\u00e7\u00e3o do Conselho em todo o estado.<\/p>\n<p>A convoca\u00e7\u00e3o dos aprovados contribui para ampliar a capacidade operacional do Crea-PB, fortalecendo \u00e1reas estrat\u00e9gicas da institui\u00e7\u00e3o, especialmente as a\u00e7\u00f5es de fiscaliza\u00e7\u00e3o, atendimento aos profissionais e atividades administrativas.<\/p>\n<p>Para o presidente do Crea-PB, engenheiro Renan Azevedo, a chegada dos novos servidores representa um avan\u00e7o importante para a institui\u00e7\u00e3o.<\/p>\n<blockquote><p><span style=\"font-size: 14pt\"><strong>\u201cEstamos dando mais um passo importante para fortalecer o Crea-PB. A convoca\u00e7\u00e3o dos aprovados demonstra o compromisso da gest\u00e3o com o fortalecimento da estrutura do Conselho e com a melhoria dos servi\u00e7os prestados aos profissionais e \u00e0 sociedade. Ter uma equipe qualificada e preparada \u00e9 fundamental para ampliarmos nossa capacidade de atua\u00e7\u00e3o, especialmente na fiscaliza\u00e7\u00e3o do exerc\u00edcio profissional\u201d, destacou Renan Azevedo.<\/strong><\/span><\/p><\/blockquote>\n<p>Segundo o presidente, o fortalecimento do quadro funcional tamb\u00e9m est\u00e1 diretamente relacionado \u00e0 capacidade do Conselho de cumprir sua miss\u00e3o institucional.<\/p>\n<blockquote><p><strong><span style=\"font-size: 14pt\">\u201cUm Crea mais estruturado significa uma fiscaliza\u00e7\u00e3o mais eficiente, um atendimento mais \u00e1gil e uma institui\u00e7\u00e3o cada vez mais preparada para cumprir seu papel. Estamos trabalhando para construir um Conselho moderno, eficiente e cada vez mais pr\u00f3ximo dos profissionais e da sociedade paraibana\u201d, afirmou.<\/span><\/strong><\/p><\/blockquote>\n<p>O concurso p\u00fablico foi realizado para o preenchimento de vagas destinadas ao quadro de servidores do Crea-PB, seguindo os princ\u00edpios da legalidade, transpar\u00eancia e impessoalidade que regem a administra\u00e7\u00e3o p\u00fablica.<\/p>\n<p>Os candidatos convocados devem ficar atentos \u00e0s informa\u00e7\u00f5es constantes no edital, especialmente quanto aos prazos, documenta\u00e7\u00e3o necess\u00e1ria e procedimentos para apresenta\u00e7\u00e3o.<\/p>\n<p>O Edital n\u00ba 2, de 1\u00ba de setembro de 2026, est\u00e1 dispon\u00edvel no Di\u00e1rio Oficial da Uni\u00e3o.<\/p>\n<p>Link para acesso ao edital:<br \/>\n<a href=\"https:\/\/www.in.gov.br\/web\/dou\/-\/edital-n-2-de-1-de-setembro-de-2026-729753847\">https:\/\/www.in.gov.br\/web\/dou\/-\/edital-n-2-de-1-de-setembro-de-2026-729753847<\/a><\/p>\n<p><a href=\"https:\/\/creapb.org.br\/site\/wp-content\/uploads\/2026\/09\/EDITAL_DE_CONVOCACAO_CONCURSO_PUBLICO_NC2BA_001.2026_-_conforme_TAC_06.2026_assinado.pdf\">EDITAL_DE_CONVOCACAO_CONCURSO_PUBLICO_N_001.2026_-_conforme_TAC_06.2026_assinado<\/a><\/p>\n","protected":false},"excerpt":{"rendered":"<p>O Conselho Regional de Engenharia e Agronomia da Para\u00edba (Crea-PB) publicou nesta quinta-feira (3) o edital de convoca\u00e7\u00e3o dos candidatos aprovados no concurso p\u00fablico\u2026<\/p>\n","protected":false},"author":101014,"featured_media":25818,"comment_status":"open","ping_status":"open","sticky":false,"template":"","format":"standard","meta":{"_acf_changed":false,"footnotes":""},"categories":[9],"tags":[],"class_list":["post-25816","post","type-post","status-publish","format-standard","has-post-thumbnail","hentry","category-noticias"],"acf":[],"_links":{"self":[{"href":"https:\/\/creapb.org.br\/site\/wp-json\/wp\/v2\/posts\/25816","targetHints":{"allow":["GET"]}}],"collection":[{"href":"https:\/\/creapb.org.br\/site\/wp-json\/wp\/v2\/posts"}],"about":[{"href":"https:\/\/creapb.org.br\/site\/wp-json\/wp\/v2\/types\/post"}],"author":[{"embeddable":true,"href":"https:\/\/creapb.org.br\/site\/wp-json\/wp\/v2\/users\/101014"}],"replies":[{"embeddable":true,"href":"https:\/\/creapb.org.br\/site\/wp-json\/wp\/v2\/comments?post=25816"}],"version-history":[{"count":1,"href":"https:\/\/creapb.org.br\/site\/wp-json\/wp\/v2\/posts\/25816\/revisions"}],"predecessor-version":[{"id":25819,"href":"https:\/\/creapb.org.br\/site\/wp-json\/wp\/v2\/posts\/25816\/revisions\/25819"}],"wp:featuredmedia":[{"embeddable":true,"href":"https:\/\/creapb.org.br\/site\/wp-json\/wp\/v2\/media\/25818"}],"wp:attachment":[{"href":"https:\/\/creapb.org.br\/site\/wp-json\/wp\/v2\/media?parent=25816"}],"wp:term":[{"taxonomy":"category","embeddable":true,"href":"https:\/\/creapb.org.br\/site\/wp-json\/wp\/v2\/categories?post=25816"},{"taxonomy":"post_tag","embeddable":true,"href":"https:\/\/creapb.org.br\/site\/wp-json\/wp\/v2\/tags?post=25816"}],"curies":[{"name":"wp","href":"https:\/\/api.w.org\/{rel}","templated":true}]}}